{"id":11030,"date":"2024-05-16T16:06:17","date_gmt":"2024-05-16T21:06:17","guid":{"rendered":"https:\/\/gldlaw.com\/noticias-de-deportacion-se-restablece-el-cierre-administrativo\/"},"modified":"2025-03-11T13:59:18","modified_gmt":"2025-03-11T18:59:18","slug":"noticias-de-deportacion-se-restablece-el-cierre-administrativo","status":"publish","type":"post","link":"https:\/\/gldlaw.com\/es\/noticias-de-deportacion-se-restablece-el-cierre-administrativo\/","title":{"rendered":"Cierre Administrativo Restablecido: Implicaciones para la Deportaci\u00f3n"},"content":{"rendered":"<p>El Fiscal General de los Estados Unidos ha emitido una decisi\u00f3n. Restaurar el Cierre Administrativo como herramienta para Inmigraci\u00f3n jueces para usar en la eliminaci\u00f3n actas a efectivamente administrar su expedientes. Con este decisi\u00f3n , junto con el reciente memor\u00e1ndum restaurando fiscal discreci\u00f3n a la Oficina de ICE de el Jefe abogado , el <a href=\"https:\/\/gldlaw.com\/es\/inmigracion\/deportacion\/\">deportaci\u00f3n<\/a> autoridades de nuevo tener el fuerza para controlar el prioridades de su N\u00fameros de casos y expedientes. En la decisi\u00f3n de 2018 asunto de Castro- Tum , el Fiscal General de Estados Unidos emiti\u00f3 una decisi\u00f3n eso inmigraci\u00f3n jueces hizo no tener la autoridad legal a conceder cierre administrativo en remoci\u00f3n diligencias. Este decisi\u00f3n fue un devastador explotar a el capacidad de ICE, Inmigraci\u00f3n Jueces e inmigraci\u00f3n practicantes para decidir qu\u00e9 casos deben ser tratados con m\u00e1s alto prioridad , y que eran digno de discrecional clausura. Por clausura los casos considerados de menor prioridad de una ley aplicaci\u00f3n perspectiva , hay era banda ancha a proceso m\u00e1s alto casos prioritarios de manera m\u00e1s eficiente .<\/p>\n<h2>Qui\u00e9n podr\u00eda Calificar \u00bfPara cierre administrativo ?<\/h2>\n<p>En la determinaci\u00f3n \u00bfQu\u00e9 casos ser\u00edan merecer un hallazgo de bajo prioridad tratamiento , cierre administrativo y\/ o fiscal discreci\u00f3n , la gobierno considera muchos factores . Alguno de aquellos factores incluir:<\/p>\n<ul>\n<li><strong>Antecedentes penales<\/strong> &#8211; Obviamente aquellos OMS comprometerse delitos , est\u00e1n ilegalmente en los EE.UU. y sujetos a deportaci\u00f3n de Estados Unidos deber\u00eda estar bajo intensificado prioridad para aplicaci\u00f3n de la ley .<\/li>\n<li><strong>Hora en EE.UU.<\/strong> &#8211; El m\u00e1s tiempo una persona ha estado en los EE.UU., el m\u00e1s alto la oportunidad el persona ha construido una vida , una familia y otros acciones en EE.UU.<\/li>\n<li><strong>Familia corbatas a Estados Unidos<\/strong> &#8211; Este es un grande uno. Una persona OMS es casado a un ciudadano estadounidense o residente o tiene hijos Los nacidos en los EE. UU. deben recibir m\u00e1s bajo prioridad tratamiento en el deportaci\u00f3n proceso. Acuerdo familias juntos deber\u00eda ser una prioridad d\u00f3nde \u00e9l marcas sentido Para hacer eso.<\/li>\n<li><strong>El raz\u00f3n el persona est\u00e1 en remoci\u00f3n procedimientos<\/strong> &#8211; quedarse m\u00e1s tiempo del permitido por la visa es menos enorme deportable ofensa que relaci\u00f3n comercial drogas o cometiendo un violento delito y debe ser tratado como tal.<\/li>\n<li><strong>El opciones para sobreviviente eliminaci\u00f3n procedimientos<\/strong> &#8211; Hay muchos opciones para alguien presentar una solicitud para alivio de deportaci\u00f3n con el inmigraci\u00f3n tribunal , incluyendo Pol\u00edtico Asilo , Ajuste de estatus, o Cancelaci\u00f3n o Eliminaci\u00f3n para No permanente Residentes . Alguien quien tiene un potencial opci\u00f3n a permanecer en los EE.UU. y sobrevivir deportaci\u00f3n con el aprobaci\u00f3n de un solicitud para alivio deber\u00eda ser un menor prioridad para deportaci\u00f3n que alguien que no tiene opciones .<\/li>\n<\/ul>\n<p>Otro factores deber\u00eda Tambi\u00e9n se deben considerar , como el riesgo . de persecuci\u00f3n en su pa\u00eds de origen, la probabilidad de que ICE sea capaz a de hecho eliminar el persona , una subvenci\u00f3n de beneficios como temporal Protegido Estado o Diferido Acci\u00f3n para Infancia Llegadas , o un pendiente basado en la familia petici\u00f3n eso podr\u00eda llevar a permanente residencia en el futuro.<\/p>\n<h2>Beneficios de Cierre Administrativo<\/h2>\n<p>En mi opini\u00f3n , es fue un enorme error eso la administraci\u00f3n Trump elimin\u00f3 esto aplicaci\u00f3n priorizaci\u00f3n pol\u00edtica . \u00c9l significativamente contribuido a el dr\u00e1stico aumento en el n\u00famero de casos de deportaci\u00f3n pendientes y activos .<\/p>\n<p>El realidad es hay tantos abogados para ICE, y hay un n\u00famero limitado inmigraci\u00f3n jueces a proceso gente para deportaci\u00f3n . \u00c9l solo marcas sentido eso con recursos finitos el gobierno deber\u00eda tener el herramientas a priorizar los casos con cual ellos considerar valioso a proceder . Ellos deber\u00eda tambi\u00e9n tener el autoridad a cerrar casos para bajo casos prioritarios , en particular cuando condiciones desafiantes del pa\u00eds esperar ellos en sus pa\u00edses de origen o ellos tener significativo familia , negocio , propiedad o otro corbatas a los Estados Unidos.<\/p>\n<p>\u00c9l es maravilloso que ICE y el Inmigraci\u00f3n Corte tener su priorizaci\u00f3n herramientas restaurado a a ellos . Los casos de alta prioridad ahora poder a proceder porque ellos voluntad no estar obstruido por bajo casos prioritarios .<\/p>\n<p>El riesgo de alguien sin antecedentes penales y con familia corbatas a Estados Unidos siendo deportados y perturbando su la familia ha sido dr\u00e1sticamente reducido en dos comportamiento de el Biden Administraci\u00f3n . Nosotros voluntad tener a ver c\u00f3mo las oficinas individuales del jefe de ICE El abogado y el varios inmigraci\u00f3n tribunales e inmigraci\u00f3n jueces implementar estos cambios . yo soy personalmente optimista eso nosotros voluntad ver cambios muy positivos en la comunidades y familias afectado por el anterior draconiano acercarse de inmigraci\u00f3n ley aplicaci\u00f3n de la ley .<\/p>\n<h2>Hablar a un Inmigraci\u00f3n Abogado Acerca de Su Caso de deportaci\u00f3n<\/h2>\n<p>Si te estas enfrentando deportaci\u00f3n procedimientos y lo har\u00eda como a saber c\u00f3mo este cambiar afecta usted por favor alcanzar afuera a nuestra oficina para un encuentro presencial consulta sin costo . Nosotros Tambi\u00e9n hacemos consultas telef\u00f3nicas y por video. por una tarifa nominal. Nosotros haremos nuestro mejor a ayuda t\u00fa entender c\u00f3mo este significativo cambiar voluntad impacto tu y esos te importa . Eran aqu\u00ed a ayuda !<\/p>\n<div class=\"content_block\" id=\"custom_post_widget-4950\"><p><a href=\"\/\/gldlaw.com\/es\/contacto\/\"><button class=\"popmake-free-consultation\">PROGRAMAR UNA CONSULTA GRATIS<\/button><\/a><\/p>\n<hr \/>\n<h4 id=\"tw-target-text\" class=\"tw-data-text tw-ta tw-text-small\"><span lang=\"es\">Acerca de Davis &amp; Associates: <\/span><\/h4>\n<p class=\"tw-data-text tw-ta tw-text-small\" dir=\"ltr\"><span lang=\"es\">Davis &amp; Associates es el bufete de abogados de inmigraci\u00f3n elegido en el norte de Texas, que incluye Dallas, Fort Worth, Plano, Frisco, McKinney y las \u00e1reas circundantes. Sus abogados brindan asesor\u00eda legal experta para todos los aspectos de la ley de inmigraci\u00f3n, incluida la <a href=\"https:\/\/gldlaw.com\/es\/inmigracion\/deportacion\/\">defensa de deportaci\u00f3n<\/a>, recursos de h\u00e1beas corpus y mandamus, inmigraci\u00f3n patrocinada por la familia, inmigraci\u00f3n patrocinada por el empleo, inmigraci\u00f3n de inversi\u00f3n, cumplimiento con los empleadores, visas temporales para el trabajo y la universidad, residencia permanente, Naturalizaci\u00f3n, tramitaci\u00f3n de visas consulares, renuncias y apelaciones. El abogado Garry L. Davis est\u00e1 certificado por la Junta en la Ley de Inmigraci\u00f3n y Nacionalidad por la Junta de Especializaci\u00f3n Legal de Texas. <\/span><\/p>\n<p class=\"tw-data-text tw-ta tw-text-small\" dir=\"ltr\"><span lang=\"es\">Datos de contacto: <\/span><\/p>\n<p class=\"tw-data-text tw-ta tw-text-small\" dir=\"ltr\"><span lang=\"es\">Davis &amp; Asociados <\/span><\/p>\n<p class=\"tw-data-text tw-ta tw-text-small\" dir=\"ltr\"><span lang=\"es\">Direcci\u00f3n (Dallas): 17750 Preston Road Dallas, TX 75252 <\/span><\/p>\n<p class=\"tw-data-text tw-ta tw-text-small\" dir=\"ltr\"><span lang=\"es\">Tel\u00e9fono: 469-957-0508<\/span><\/p>\n<p dir=\"ltr\"><span lang=\"es\">Direcci\u00f3n (Houston): 6220 Westpark Dr #110, Houston, TX 77057<\/span><\/p>\n<p dir=\"ltr\"><span lang=\"es\">Tel\u00e9fono: 832-742-0066<\/span><\/p>\n<\/div>\n","protected":false},"excerpt":{"rendered":"<p>El Fiscal General de los Estados Unidos ha emitido una decisi\u00f3n. Restaurar el Cierre Administrativo como herramienta para Inmigraci\u00f3n jueces para usar en la eliminaci\u00f3n actas a efectivamente administrar su expedientes. Con este decisi\u00f3n , junto con el reciente memor\u00e1ndum restaurando fiscal discreci\u00f3n a la Oficina de ICE de el Jefe abogado , el deportaci\u00f3n&hellip;<\/p>\n","protected":false},"author":5,"featured_media":8519,"comment_status":"closed","ping_status":"closed","sticky":false,"template":"","format":"standard","meta":{"_monsterinsights_skip_tracking":false,"_monsterinsights_sitenote_active":false,"_monsterinsights_sitenote_note":"","_monsterinsights_sitenote_category":0,"footnotes":""},"categories":[337,245,288,76],"tags":[338,397,286,408,409,97,127],"class_list":["post-11030","post","type-post","status-publish","format-standard","has-post-thumbnail","hentry","category-ask-garry-es","category-deportacion-es","category-reforma-inmigratoria","category-ultimas-noticias","tag-adjustment-of-status-es","tag-deportacion","tag-deportacion-de-ice","tag-inmigracion-familiar-es","tag-inmigracion-ilegal","tag-immigration-law-es","tag-noticias-de-inmigracion"],"yoast_head":"<!-- This site is optimized with the Yoast SEO plugin v27.5 - https:\/\/yoast.com\/product\/yoast-seo-wordpress\/ -->\n<title>Noticias de deportaci\u00f3n: Se restablece el cierre administrativo<\/title>\n<meta name=\"description\" content=\"El riesgo de que alguien sin antecedentes penales y con v\u00ednculos familiares con Estados Unidos sea deportado se ha reducido dr\u00e1sticamente.\" \/>\n<meta name=\"robots\" content=\"index, follow, max-snippet:-1, max-image-preview:large, max-video-preview:-1\" \/>\n<link rel=\"canonical\" href=\"https:\/\/gldlaw.com\/es\/noticias-de-deportacion-se-restablece-el-cierre-administrativo\/\" \/>\n<meta property=\"og:locale\" content=\"es_MX\" \/>\n<meta property=\"og:type\" content=\"article\" \/>\n<meta property=\"og:title\" content=\"Noticias de deportaci\u00f3n: Se restablece el cierre administrativo\" \/>\n<meta property=\"og:description\" content=\"El riesgo de que alguien sin antecedentes penales y con v\u00ednculos familiares con Estados Unidos sea deportado se ha reducido dr\u00e1sticamente.\" \/>\n<meta property=\"og:url\" content=\"https:\/\/gldlaw.com\/es\/noticias-de-deportacion-se-restablece-el-cierre-administrativo\/\" \/>\n<meta property=\"og:site_name\" content=\"Davis &amp; Associates\" \/>\n<meta property=\"article:publisher\" content=\"https:\/\/www.facebook.com\/GLDavisandAssociates\/\" \/>\n<meta property=\"article:published_time\" content=\"2024-05-16T21:06:17+00:00\" \/>\n<meta property=\"article:modified_time\" content=\"2025-03-11T18:59:18+00:00\" \/>\n<meta property=\"og:image\" content=\"https:\/\/gldlaw.com\/wp-content\/uploads\/2021\/07\/New-Davis-Associates-Blog-Template-6.png\" \/>\n\t<meta property=\"og:image:width\" content=\"820\" \/>\n\t<meta property=\"og:image:height\" content=\"312\" \/>\n\t<meta property=\"og:image:type\" content=\"image\/png\" \/>\n<meta name=\"author\" content=\"Davis &amp; Associates\" \/>\n<meta name=\"twitter:card\" content=\"summary_large_image\" \/>\n<meta name=\"twitter:creator\" content=\"@GLD_Law\" \/>\n<meta name=\"twitter:site\" content=\"@GLD_Law\" \/>\n<meta name=\"twitter:label1\" content=\"Escrito por\" \/>\n\t<meta name=\"twitter:data1\" content=\"Davis &amp; Associates\" \/>\n\t<meta name=\"twitter:label2\" content=\"Tiempo de lectura\" \/>\n\t<meta name=\"twitter:data2\" content=\"4 minutos\" \/>\n<script type=\"application\/ld+json\" class=\"yoast-schema-graph\">{\"@context\":\"https:\\\/\\\/schema.org\",\"@graph\":[{\"@type\":\"Article\",\"@id\":\"https:\\\/\\\/gldlaw.com\\\/es\\\/noticias-de-deportacion-se-restablece-el-cierre-administrativo\\\/#article\",\"isPartOf\":{\"@id\":\"https:\\\/\\\/gldlaw.com\\\/es\\\/noticias-de-deportacion-se-restablece-el-cierre-administrativo\\\/\"},\"author\":{\"name\":\"Davis &amp; Associates\",\"@id\":\"https:\\\/\\\/gldlaw.com\\\/es\\\/#\\\/schema\\\/person\\\/70995f4ab0bc2b4f3d1c5c65092d6ea6\"},\"headline\":\"Cierre Administrativo Restablecido: Implicaciones para la Deportaci\u00f3n\",\"datePublished\":\"2024-05-16T21:06:17+00:00\",\"dateModified\":\"2025-03-11T18:59:18+00:00\",\"mainEntityOfPage\":{\"@id\":\"https:\\\/\\\/gldlaw.com\\\/es\\\/noticias-de-deportacion-se-restablece-el-cierre-administrativo\\\/\"},\"wordCount\":918,\"image\":{\"@id\":\"https:\\\/\\\/gldlaw.com\\\/es\\\/noticias-de-deportacion-se-restablece-el-cierre-administrativo\\\/#primaryimage\"},\"thumbnailUrl\":\"https:\\\/\\\/gldlaw.com\\\/wp-content\\\/uploads\\\/2021\\\/07\\\/New-Davis-Associates-Blog-Template-6.png\",\"keywords\":[\"Adjustment of Status\",\"Deportaci\u00f3n\",\"Deportacion de ICE\",\"Inmigraci\u00f3n Familiar\",\"Inmigraci\u00f3n ilegal\",\"Ley de Inmigraci\u00f3n\",\"Noticias de inmigraci\u00f3n\"],\"articleSection\":[\"Ask Garry\",\"Deportaci\u00f3n\",\"Reforma inmigratoria\",\"\u00daltimas Noticias\"],\"inLanguage\":\"es\"},{\"@type\":\"WebPage\",\"@id\":\"https:\\\/\\\/gldlaw.com\\\/es\\\/noticias-de-deportacion-se-restablece-el-cierre-administrativo\\\/\",\"url\":\"https:\\\/\\\/gldlaw.com\\\/es\\\/noticias-de-deportacion-se-restablece-el-cierre-administrativo\\\/\",\"name\":\"Noticias de deportaci\u00f3n: Se restablece el cierre administrativo\",\"isPartOf\":{\"@id\":\"https:\\\/\\\/gldlaw.com\\\/es\\\/#website\"},\"primaryImageOfPage\":{\"@id\":\"https:\\\/\\\/gldlaw.com\\\/es\\\/noticias-de-deportacion-se-restablece-el-cierre-administrativo\\\/#primaryimage\"},\"image\":{\"@id\":\"https:\\\/\\\/gldlaw.com\\\/es\\\/noticias-de-deportacion-se-restablece-el-cierre-administrativo\\\/#primaryimage\"},\"thumbnailUrl\":\"https:\\\/\\\/gldlaw.com\\\/wp-content\\\/uploads\\\/2021\\\/07\\\/New-Davis-Associates-Blog-Template-6.png\",\"datePublished\":\"2024-05-16T21:06:17+00:00\",\"dateModified\":\"2025-03-11T18:59:18+00:00\",\"author\":{\"@id\":\"https:\\\/\\\/gldlaw.com\\\/es\\\/#\\\/schema\\\/person\\\/70995f4ab0bc2b4f3d1c5c65092d6ea6\"},\"description\":\"El riesgo de que alguien sin antecedentes penales y con v\u00ednculos familiares con Estados Unidos sea deportado se ha reducido dr\u00e1sticamente.\",\"breadcrumb\":{\"@id\":\"https:\\\/\\\/gldlaw.com\\\/es\\\/noticias-de-deportacion-se-restablece-el-cierre-administrativo\\\/#breadcrumb\"},\"inLanguage\":\"es\",\"potentialAction\":[{\"@type\":\"ReadAction\",\"target\":[\"https:\\\/\\\/gldlaw.com\\\/es\\\/noticias-de-deportacion-se-restablece-el-cierre-administrativo\\\/\"]}]},{\"@type\":\"ImageObject\",\"inLanguage\":\"es\",\"@id\":\"https:\\\/\\\/gldlaw.com\\\/es\\\/noticias-de-deportacion-se-restablece-el-cierre-administrativo\\\/#primaryimage\",\"url\":\"https:\\\/\\\/gldlaw.com\\\/wp-content\\\/uploads\\\/2021\\\/07\\\/New-Davis-Associates-Blog-Template-6.png\",\"contentUrl\":\"https:\\\/\\\/gldlaw.com\\\/wp-content\\\/uploads\\\/2021\\\/07\\\/New-Davis-Associates-Blog-Template-6.png\",\"width\":820,\"height\":312,\"caption\":\"Administrative Closure - Texas Immigration Attorney\"},{\"@type\":\"BreadcrumbList\",\"@id\":\"https:\\\/\\\/gldlaw.com\\\/es\\\/noticias-de-deportacion-se-restablece-el-cierre-administrativo\\\/#breadcrumb\",\"itemListElement\":[{\"@type\":\"ListItem\",\"position\":1,\"name\":\"Home\",\"item\":\"https:\\\/\\\/gldlaw.com\\\/es\\\/\"},{\"@type\":\"ListItem\",\"position\":2,\"name\":\"Cierre Administrativo Restablecido: Implicaciones para la Deportaci\u00f3n\"}]},{\"@type\":\"WebSite\",\"@id\":\"https:\\\/\\\/gldlaw.com\\\/es\\\/#website\",\"url\":\"https:\\\/\\\/gldlaw.com\\\/es\\\/\",\"name\":\"Davis &amp; Associates\",\"description\":\"Dallas \\\/ Fort Worth Immigration Attorney\",\"potentialAction\":[{\"@type\":\"SearchAction\",\"target\":{\"@type\":\"EntryPoint\",\"urlTemplate\":\"https:\\\/\\\/gldlaw.com\\\/es\\\/?s={search_term_string}\"},\"query-input\":{\"@type\":\"PropertyValueSpecification\",\"valueRequired\":true,\"valueName\":\"search_term_string\"}}],\"inLanguage\":\"es\"},{\"@type\":\"Person\",\"@id\":\"https:\\\/\\\/gldlaw.com\\\/es\\\/#\\\/schema\\\/person\\\/70995f4ab0bc2b4f3d1c5c65092d6ea6\",\"name\":\"Davis &amp; Associates\"}]}<\/script>\n<!-- \/ Yoast SEO plugin. -->","yoast_head_json":{"title":"Noticias de deportaci\u00f3n: Se restablece el cierre administrativo","description":"El riesgo de que alguien sin antecedentes penales y con v\u00ednculos familiares con Estados Unidos sea deportado se ha reducido dr\u00e1sticamente.","robots":{"index":"index","follow":"follow","max-snippet":"max-snippet:-1","max-image-preview":"max-image-preview:large","max-video-preview":"max-video-preview:-1"},"canonical":"https:\/\/gldlaw.com\/es\/noticias-de-deportacion-se-restablece-el-cierre-administrativo\/","og_locale":"es_MX","og_type":"article","og_title":"Noticias de deportaci\u00f3n: Se restablece el cierre administrativo","og_description":"El riesgo de que alguien sin antecedentes penales y con v\u00ednculos familiares con Estados Unidos sea deportado se ha reducido dr\u00e1sticamente.","og_url":"https:\/\/gldlaw.com\/es\/noticias-de-deportacion-se-restablece-el-cierre-administrativo\/","og_site_name":"Davis &amp; Associates","article_publisher":"https:\/\/www.facebook.com\/GLDavisandAssociates\/","article_published_time":"2024-05-16T21:06:17+00:00","article_modified_time":"2025-03-11T18:59:18+00:00","og_image":[{"width":820,"height":312,"url":"https:\/\/gldlaw.com\/wp-content\/uploads\/2021\/07\/New-Davis-Associates-Blog-Template-6.png","type":"image\/png"}],"author":"Davis &amp; Associates","twitter_card":"summary_large_image","twitter_creator":"@GLD_Law","twitter_site":"@GLD_Law","twitter_misc":{"Escrito por":"Davis &amp; Associates","Tiempo de lectura":"4 minutos"},"schema":{"@context":"https:\/\/schema.org","@graph":[{"@type":"Article","@id":"https:\/\/gldlaw.com\/es\/noticias-de-deportacion-se-restablece-el-cierre-administrativo\/#article","isPartOf":{"@id":"https:\/\/gldlaw.com\/es\/noticias-de-deportacion-se-restablece-el-cierre-administrativo\/"},"author":{"name":"Davis &amp; Associates","@id":"https:\/\/gldlaw.com\/es\/#\/schema\/person\/70995f4ab0bc2b4f3d1c5c65092d6ea6"},"headline":"Cierre Administrativo Restablecido: Implicaciones para la Deportaci\u00f3n","datePublished":"2024-05-16T21:06:17+00:00","dateModified":"2025-03-11T18:59:18+00:00","mainEntityOfPage":{"@id":"https:\/\/gldlaw.com\/es\/noticias-de-deportacion-se-restablece-el-cierre-administrativo\/"},"wordCount":918,"image":{"@id":"https:\/\/gldlaw.com\/es\/noticias-de-deportacion-se-restablece-el-cierre-administrativo\/#primaryimage"},"thumbnailUrl":"https:\/\/gldlaw.com\/wp-content\/uploads\/2021\/07\/New-Davis-Associates-Blog-Template-6.png","keywords":["Adjustment of Status","Deportaci\u00f3n","Deportacion de ICE","Inmigraci\u00f3n Familiar","Inmigraci\u00f3n ilegal","Ley de Inmigraci\u00f3n","Noticias de inmigraci\u00f3n"],"articleSection":["Ask Garry","Deportaci\u00f3n","Reforma inmigratoria","\u00daltimas Noticias"],"inLanguage":"es"},{"@type":"WebPage","@id":"https:\/\/gldlaw.com\/es\/noticias-de-deportacion-se-restablece-el-cierre-administrativo\/","url":"https:\/\/gldlaw.com\/es\/noticias-de-deportacion-se-restablece-el-cierre-administrativo\/","name":"Noticias de deportaci\u00f3n: Se restablece el cierre administrativo","isPartOf":{"@id":"https:\/\/gldlaw.com\/es\/#website"},"primaryImageOfPage":{"@id":"https:\/\/gldlaw.com\/es\/noticias-de-deportacion-se-restablece-el-cierre-administrativo\/#primaryimage"},"image":{"@id":"https:\/\/gldlaw.com\/es\/noticias-de-deportacion-se-restablece-el-cierre-administrativo\/#primaryimage"},"thumbnailUrl":"https:\/\/gldlaw.com\/wp-content\/uploads\/2021\/07\/New-Davis-Associates-Blog-Template-6.png","datePublished":"2024-05-16T21:06:17+00:00","dateModified":"2025-03-11T18:59:18+00:00","author":{"@id":"https:\/\/gldlaw.com\/es\/#\/schema\/person\/70995f4ab0bc2b4f3d1c5c65092d6ea6"},"description":"El riesgo de que alguien sin antecedentes penales y con v\u00ednculos familiares con Estados Unidos sea deportado se ha reducido dr\u00e1sticamente.","breadcrumb":{"@id":"https:\/\/gldlaw.com\/es\/noticias-de-deportacion-se-restablece-el-cierre-administrativo\/#breadcrumb"},"inLanguage":"es","potentialAction":[{"@type":"ReadAction","target":["https:\/\/gldlaw.com\/es\/noticias-de-deportacion-se-restablece-el-cierre-administrativo\/"]}]},{"@type":"ImageObject","inLanguage":"es","@id":"https:\/\/gldlaw.com\/es\/noticias-de-deportacion-se-restablece-el-cierre-administrativo\/#primaryimage","url":"https:\/\/gldlaw.com\/wp-content\/uploads\/2021\/07\/New-Davis-Associates-Blog-Template-6.png","contentUrl":"https:\/\/gldlaw.com\/wp-content\/uploads\/2021\/07\/New-Davis-Associates-Blog-Template-6.png","width":820,"height":312,"caption":"Administrative Closure - Texas Immigration Attorney"},{"@type":"BreadcrumbList","@id":"https:\/\/gldlaw.com\/es\/noticias-de-deportacion-se-restablece-el-cierre-administrativo\/#breadcrumb","itemListElement":[{"@type":"ListItem","position":1,"name":"Home","item":"https:\/\/gldlaw.com\/es\/"},{"@type":"ListItem","position":2,"name":"Cierre Administrativo Restablecido: Implicaciones para la Deportaci\u00f3n"}]},{"@type":"WebSite","@id":"https:\/\/gldlaw.com\/es\/#website","url":"https:\/\/gldlaw.com\/es\/","name":"Davis &amp; Associates","description":"Dallas \/ Fort Worth Immigration Attorney","potentialAction":[{"@type":"SearchAction","target":{"@type":"EntryPoint","urlTemplate":"https:\/\/gldlaw.com\/es\/?s={search_term_string}"},"query-input":{"@type":"PropertyValueSpecification","valueRequired":true,"valueName":"search_term_string"}}],"inLanguage":"es"},{"@type":"Person","@id":"https:\/\/gldlaw.com\/es\/#\/schema\/person\/70995f4ab0bc2b4f3d1c5c65092d6ea6","name":"Davis &amp; Associates"}]}},"_links":{"self":[{"href":"https:\/\/gldlaw.com\/es\/wp-json\/wp\/v2\/posts\/11030","targetHints":{"allow":["GET"]}}],"collection":[{"href":"https:\/\/gldlaw.com\/es\/wp-json\/wp\/v2\/posts"}],"about":[{"href":"https:\/\/gldlaw.com\/es\/wp-json\/wp\/v2\/types\/post"}],"author":[{"embeddable":true,"href":"https:\/\/gldlaw.com\/es\/wp-json\/wp\/v2\/users\/5"}],"replies":[{"embeddable":true,"href":"https:\/\/gldlaw.com\/es\/wp-json\/wp\/v2\/comments?post=11030"}],"version-history":[{"count":3,"href":"https:\/\/gldlaw.com\/es\/wp-json\/wp\/v2\/posts\/11030\/revisions"}],"predecessor-version":[{"id":12034,"href":"https:\/\/gldlaw.com\/es\/wp-json\/wp\/v2\/posts\/11030\/revisions\/12034"}],"wp:featuredmedia":[{"embeddable":true,"href":"https:\/\/gldlaw.com\/es\/wp-json\/wp\/v2\/media\/8519"}],"wp:attachment":[{"href":"https:\/\/gldlaw.com\/es\/wp-json\/wp\/v2\/media?parent=11030"}],"wp:term":[{"taxonomy":"category","embeddable":true,"href":"https:\/\/gldlaw.com\/es\/wp-json\/wp\/v2\/categories?post=11030"},{"taxonomy":"post_tag","embeddable":true,"href":"https:\/\/gldlaw.com\/es\/wp-json\/wp\/v2\/tags?post=11030"}],"curies":[{"name":"wp","href":"https:\/\/api.w.org\/{rel}","templated":true}]}}