{"id":11198,"date":"2024-06-24T10:46:50","date_gmt":"2024-06-24T15:46:50","guid":{"rendered":"https:\/\/gldlaw.com\/preguntele-a-garry-daca-vs-trump-cual-es-el-futuro-de-daca-bajo-la-administracion-trump\/"},"modified":"2024-06-24T10:46:50","modified_gmt":"2024-06-24T15:46:50","slug":"preguntele-a-garry-daca-vs-trump-cual-es-el-futuro-de-daca-bajo-la-administracion-trump","status":"publish","type":"post","link":"https:\/\/gldlaw.com\/es\/preguntele-a-garry-daca-vs-trump-cual-es-el-futuro-de-daca-bajo-la-administracion-trump\/","title":{"rendered":"Preg\u00fantele a Garry: DACA vs Trump | \u00bfCu\u00e1l es el futuro de DACA bajo la administraci\u00f3n Trump?"},"content":{"rendered":"<p>Perm\u00edtanme comenzar diciendo que al presidente Trump no le gusta DACA. \u00bfEse comentario sorprende a alguien? Si es as\u00ed, entonces no has estado prestando atenci\u00f3n. Los tribunales han intentado controlar al presidente y devolverlo. El Presidente sigue luchando contra ello. En este art\u00edculo, revisar\u00e9 <a href=\"https:\/\/gldlaw.com\/es\/cosas-que-usted-necesita-saber-sobre-los-refugiados-que-se-mudan-a-america\/\"  data-wpil-monitor-id=\"269\">los acontecimientos recientes sobre<\/a> DACA entre la administraci\u00f3n y los tribunales.<\/p>\n<p><strong>La historia <a href=\"https:\/\/gldlaw.com\/es\/los-beneficios-economicos-del-programa-daca\/\"  data-wpil-monitor-id=\"270\">del programa DACA<\/a><\/strong><\/p>\n<p>Perm\u00edtanme comenzar <a href=\"https:\/\/gldlaw.com\/es\/crisis-de-relaciones-con-estados-unidos\/\"  data-wpil-monitor-id=\"271\">con un repaso sobre el gobierno de Estados Unidos<\/a>. En <a href=\"https:\/\/gldlaw.com\/es\/el-numero-de-solicitudes-para-la-loteria-de-visados-de-estados-unidos-se-ha-duplicado\/\"  data-wpil-monitor-id=\"272\">Estados Unidos<\/a>, el gobierno est\u00e1 dividido en tres poderes separados: el Legislativo, el Ejecutivo y el Judicial. El poder legislativo aprueba leyes. El Poder Ejecutivo hace cumplir esas leyes. Y el Poder Judicial interpreta las leyes. Cada rama est\u00e1 separada y controla el poder de la otra con el objetivo de mantenerlas en equilibrio.<\/p>\n<p>En el caso del programa de Acci\u00f3n Diferida <a href=\"https:\/\/gldlaw.com\/es\/un-salvavidas-para-los-sonadores-la-corte-suprema-extiende-las-protecciones-de-daca\/\"  data-wpil-monitor-id=\"273\">para los Llegados en la Infancia o DACA<\/a>, est\u00e1 bastante claro que el Poder Ejecutivo ha estado involucrado. El presidente Obama cre\u00f3 el programa DACA en junio de 2012. El presidente Trump ha intentado ponerle fin desde que asumi\u00f3 el cargo.<\/p>\n<p>El Poder Judicial tambi\u00e9n ha estado involucrado. <a href=\"https:\/\/gldlaw.com\/es\/decision-de-la-corte-suprema-sobre-tps-y-admision-para-fines-de-solicitud-de-tarjeta-verde\/\"  data-wpil-monitor-id=\"274\">La Corte Suprema de Estados Unidos intervino y<\/a> abofete\u00f3 a la Administraci\u00f3n Trump por no seguir los procedimientos administrativos adecuados al poner fin al programa. En resumen, estaban preocupados por el proceso que utiliz\u00f3 la administraci\u00f3n para determinar que era hora de finalizar un programa sin considerar las implicaciones para las muchas personas que se hab\u00edan vuelto dependientes de los beneficios del programa.<\/p>\n<p>Sorprendentemente, la administraci\u00f3n ignor\u00f3 por completo la decisi\u00f3n <a href=\"https:\/\/gldlaw.com\/es\/descripcion-de-los-procedimientos-de-remocion-y-por-que-deberia-contratar-un-abogado-de-deportacion\/\"  data-wpil-monitor-id=\"275\">de la Corte Suprema<\/a> que result\u00f3 en que un tribunal de distrito federal emitiera recientemente una opini\u00f3n que orden\u00f3 a la administraci\u00f3n reanudar el programa DACA en su totalidad en espera del cumplimiento de los requisitos administrativos destacados en la orden de la Corte Suprema.<\/p>\n<p>La pregunta entonces es: \u00bfd\u00f3nde qued\u00f3 el poder legislativo del gobierno en todo esto? \u00bfAprobaron una ley que permita la acci\u00f3n diferida como concepto general? No espec\u00edficamente, y esa es la principal objeci\u00f3n <a href=\"https:\/\/gldlaw.com\/es\/preguntele-a-garry-insight-en-la-politica-de-inmigracion-del-presidente-trump-editar-seccion\/\"  data-wpil-monitor-id=\"276\">del presidente Trump<\/a> al programa.<\/p>\n<p>La <a href=\"https:\/\/gldlaw.com\/es\/programar-una-consulta-gratuita-con-un-abogado-de-inmigracion-profesional\/\"  data-wpil-monitor-id=\"277\">Ley de Inmigraci\u00f3n<\/a> y Nacionalidad (INA), aprobada por el Congreso en 1952, faculta al poder ejecutivo del gobierno para hacer cumplir las leyes de deportaci\u00f3n. Ese poder incluye impl\u00edcitamente el poder discrecional de optar por no deportar a una persona sujeta a deportaci\u00f3n. La opci\u00f3n de no <a href=\"https:\/\/gldlaw.com\/es\/deportacion-de-ice-en-dallas-lo-que-usted-necesita-saber\/\"  data-wpil-monitor-id=\"278\">deportar a alguien que<\/a> es deportable del pa\u00eds se ha denominado acci\u00f3n diferida. El poder ejecutivo, actualmente el Departamento de Seguridad Nacional, tiene la autoridad discrecional para determinar en qu\u00e9 circunstancias conceder a alguien que sea deportable del estatus de acci\u00f3n diferida de Estados Unidos.<\/p>\n<p>Las situaciones en las que se puede utilizar la acci\u00f3n diferida no est\u00e1n limitadas por el Congreso ni los tribunales. Generalmente, se ejerce en situaciones en las que existen consideraciones humanitarias urgentes o para proteger a personas que han sido v\u00edctimas de un delito. El presidente Obama opt\u00f3 por formalizar el programa en beneficio de las personas que se encuentran ilegalmente en Estados Unidos y que llegaron aqu\u00ed a una edad muy temprana. No hay duda de que fue una estratagema pol\u00edtica para ayudarlo en su esfuerzo por ser reelegido, pero tambi\u00e9n ayud\u00f3 a muchas personas que se encontraban ilegalmente en los EE. UU. sin tener culpa alguna.<\/p>\n<p><strong>La postura de Trump sobre DACA<\/strong><\/p>\n<p>El presidente y su rama del gobierno creen que el programa es ilegal. Eso es falso. Como se explic\u00f3, tienen absolutamente la autoridad discrecional para otorgar acci\u00f3n diferida a cualquier persona que consideren que la merece y es digna de ella. Incluso sin el programa DACA formalizado, quienes se benefician del mismo siempre podr\u00edan haberlo solicitado al DHS. Y de manera similar, al DHS se le ha otorgado la autoridad discrecional para otorgar, impl\u00edcitamente a trav\u00e9s del INA.<\/p>\n<p>No era ilegal que el presidente Obama hubiera formalizado el proceso para un grupo de personas. Francamente, tampoco es ilegal que el presidente Trump decida poner fin al programa formalizado para otorgarlo.<\/p>\n<p>El verdadero problema no tiene nada que ver con la ley. Es que el presidente Trump no est\u00e1 de acuerdo con el presidente Obama en que el grupo de personas a quienes se les ha otorgado DACA sea merecedor de tal beneficio. Es lo que deber\u00edan haber dicho, pero claro, pol\u00edticamente eso ser\u00eda un desastre para ellos. As\u00ed que, en cambio, intentan justificarlo como una acci\u00f3n ilegal que debe deshacerse. Eso es completamente falso, pero \u00bfqu\u00e9 pol\u00edtico ha evitado alguna vez ser falso?<\/p>\n<p><strong>El futuro de DACA<\/strong><\/p>\n<p>\u00bfQu\u00e9 significa todo esto para el destino de DACA? La Corte Suprema y el Tribunal de Distrito Federal han ordenado efectivamente el restablecimiento del programa mientras el Presidente sigue el proceso administrativo correcto para finalizar el programa. El Presidente est\u00e1 luchando contra esas instrucciones. Creo que si puede lograrlo antes de que ya no est\u00e9 en el cargo , el programa DACA eventualmente terminar\u00e1. Si no logra ser elegido para un segundo mandato, tal vez sobreviva.<\/p>\n<p>Por ahora, lo que est\u00e1 claro es que hoy no se podr\u00e1n presentar nuevas solicitudes de DACA. Esto podr\u00eda cambiar en cualquier momento, ya que la lucha entre los poderes Judicial y Ejecutivo del gobierno contin\u00faa girando en torno a este tema, para ver qu\u00e9 lado es m\u00e1s fuerte y finalmente prevalece.<\/p>\n","protected":false},"excerpt":{"rendered":"<p>Perm\u00edtanme comenzar diciendo que al presidente Trump no le gusta DACA. \u00bfEse comentario sorprende a alguien? Si es as\u00ed, entonces no has estado prestando atenci\u00f3n. Los tribunales han intentado controlar al presidente y devolverlo. El Presidente sigue luchando contra ello. En este art\u00edculo, revisar\u00e9 los acontecimientos recientes sobre DACA entre la administraci\u00f3n y los tribunales.&hellip;<\/p>\n","protected":false},"author":5,"featured_media":6993,"comment_status":"closed","ping_status":"closed","sticky":false,"template":"","format":"standard","meta":{"_monsterinsights_skip_tracking":false,"_monsterinsights_sitenote_active":false,"_monsterinsights_sitenote_note":"","_monsterinsights_sitenote_category":0,"footnotes":""},"categories":[179,337,288],"tags":[],"class_list":["post-11198","post","type-post","status-publish","format-standard","has-post-thumbnail","hentry","category-asilo-politico","category-ask-garry-es","category-reforma-inmigratoria"],"yoast_head":"<!-- This site is optimized with the Yoast SEO plugin v27.5 - https:\/\/yoast.com\/product\/yoast-seo-wordpress\/ -->\n<title>\u00bfCu\u00e1l es el futuro de DACA bajo la administraci\u00f3n Trump?<\/title>\n<meta name=\"description\" content=\"\u00bfCu\u00e1l es el futuro de DACA bajo Trump? El abogado Garry Davis revisa los acontecimientos recientes sobre DACA entre la administraci\u00f3n y los tribunales en este art\u00edculo.\" \/>\n<meta name=\"robots\" content=\"index, follow, max-snippet:-1, max-image-preview:large, max-video-preview:-1\" \/>\n<link rel=\"canonical\" href=\"https:\/\/gldlaw.com\/es\/preguntele-a-garry-daca-vs-trump-cual-es-el-futuro-de-daca-bajo-la-administracion-trump\/\" \/>\n<meta property=\"og:locale\" content=\"es_MX\" \/>\n<meta property=\"og:type\" content=\"article\" \/>\n<meta property=\"og:title\" content=\"\u00bfCu\u00e1l es el futuro de DACA bajo la administraci\u00f3n Trump?\" \/>\n<meta property=\"og:description\" content=\"\u00bfCu\u00e1l es el futuro de DACA bajo Trump? El abogado Garry Davis revisa los acontecimientos recientes sobre DACA entre la administraci\u00f3n y los tribunales en este art\u00edculo.\" \/>\n<meta property=\"og:url\" content=\"https:\/\/gldlaw.com\/es\/preguntele-a-garry-daca-vs-trump-cual-es-el-futuro-de-daca-bajo-la-administracion-trump\/\" \/>\n<meta property=\"og:site_name\" content=\"Davis &amp; Associates\" \/>\n<meta property=\"article:publisher\" content=\"https:\/\/www.facebook.com\/GLDavisandAssociates\/\" \/>\n<meta property=\"article:published_time\" content=\"2024-06-24T15:46:50+00:00\" \/>\n<meta property=\"og:image\" content=\"https:\/\/gldlaw.com\/wp-content\/uploads\/2020\/07\/DA-Blog-Banners-5.png\" \/>\n\t<meta property=\"og:image:width\" content=\"820\" \/>\n\t<meta property=\"og:image:height\" content=\"312\" \/>\n\t<meta property=\"og:image:type\" content=\"image\/png\" \/>\n<meta name=\"author\" content=\"Davis &amp; Associates\" \/>\n<meta name=\"twitter:card\" content=\"summary_large_image\" \/>\n<meta name=\"twitter:creator\" content=\"@GLD_Law\" \/>\n<meta name=\"twitter:site\" content=\"@GLD_Law\" \/>\n<meta name=\"twitter:label1\" content=\"Escrito por\" \/>\n\t<meta name=\"twitter:data1\" content=\"Davis &amp; Associates\" \/>\n\t<meta name=\"twitter:label2\" content=\"Tiempo de lectura\" \/>\n\t<meta name=\"twitter:data2\" content=\"5 minutos\" \/>\n<script type=\"application\/ld+json\" class=\"yoast-schema-graph\">{\"@context\":\"https:\\\/\\\/schema.org\",\"@graph\":[{\"@type\":\"Article\",\"@id\":\"https:\\\/\\\/gldlaw.com\\\/es\\\/preguntele-a-garry-daca-vs-trump-cual-es-el-futuro-de-daca-bajo-la-administracion-trump\\\/#article\",\"isPartOf\":{\"@id\":\"https:\\\/\\\/gldlaw.com\\\/es\\\/preguntele-a-garry-daca-vs-trump-cual-es-el-futuro-de-daca-bajo-la-administracion-trump\\\/\"},\"author\":{\"name\":\"Davis &amp; Associates\",\"@id\":\"https:\\\/\\\/gldlaw.com\\\/es\\\/#\\\/schema\\\/person\\\/70995f4ab0bc2b4f3d1c5c65092d6ea6\"},\"headline\":\"Preg\u00fantele a Garry: DACA vs Trump | \u00bfCu\u00e1l es el futuro de DACA bajo la administraci\u00f3n Trump?\",\"datePublished\":\"2024-06-24T15:46:50+00:00\",\"mainEntityOfPage\":{\"@id\":\"https:\\\/\\\/gldlaw.com\\\/es\\\/preguntele-a-garry-daca-vs-trump-cual-es-el-futuro-de-daca-bajo-la-administracion-trump\\\/\"},\"wordCount\":928,\"image\":{\"@id\":\"https:\\\/\\\/gldlaw.com\\\/es\\\/preguntele-a-garry-daca-vs-trump-cual-es-el-futuro-de-daca-bajo-la-administracion-trump\\\/#primaryimage\"},\"thumbnailUrl\":\"https:\\\/\\\/gldlaw.com\\\/wp-content\\\/uploads\\\/2020\\\/07\\\/DA-Blog-Banners-5.png\",\"articleSection\":[\"Asilo Pol\u00edtico\",\"Ask Garry\",\"Reforma inmigratoria\"],\"inLanguage\":\"es\"},{\"@type\":\"WebPage\",\"@id\":\"https:\\\/\\\/gldlaw.com\\\/es\\\/preguntele-a-garry-daca-vs-trump-cual-es-el-futuro-de-daca-bajo-la-administracion-trump\\\/\",\"url\":\"https:\\\/\\\/gldlaw.com\\\/es\\\/preguntele-a-garry-daca-vs-trump-cual-es-el-futuro-de-daca-bajo-la-administracion-trump\\\/\",\"name\":\"\u00bfCu\u00e1l es el futuro de DACA bajo la administraci\u00f3n Trump?\",\"isPartOf\":{\"@id\":\"https:\\\/\\\/gldlaw.com\\\/es\\\/#website\"},\"primaryImageOfPage\":{\"@id\":\"https:\\\/\\\/gldlaw.com\\\/es\\\/preguntele-a-garry-daca-vs-trump-cual-es-el-futuro-de-daca-bajo-la-administracion-trump\\\/#primaryimage\"},\"image\":{\"@id\":\"https:\\\/\\\/gldlaw.com\\\/es\\\/preguntele-a-garry-daca-vs-trump-cual-es-el-futuro-de-daca-bajo-la-administracion-trump\\\/#primaryimage\"},\"thumbnailUrl\":\"https:\\\/\\\/gldlaw.com\\\/wp-content\\\/uploads\\\/2020\\\/07\\\/DA-Blog-Banners-5.png\",\"datePublished\":\"2024-06-24T15:46:50+00:00\",\"author\":{\"@id\":\"https:\\\/\\\/gldlaw.com\\\/es\\\/#\\\/schema\\\/person\\\/70995f4ab0bc2b4f3d1c5c65092d6ea6\"},\"description\":\"\u00bfCu\u00e1l es el futuro de DACA bajo Trump? El abogado Garry Davis revisa los acontecimientos recientes sobre DACA entre la administraci\u00f3n y los tribunales en este art\u00edculo.\",\"breadcrumb\":{\"@id\":\"https:\\\/\\\/gldlaw.com\\\/es\\\/preguntele-a-garry-daca-vs-trump-cual-es-el-futuro-de-daca-bajo-la-administracion-trump\\\/#breadcrumb\"},\"inLanguage\":\"es\",\"potentialAction\":[{\"@type\":\"ReadAction\",\"target\":[\"https:\\\/\\\/gldlaw.com\\\/es\\\/preguntele-a-garry-daca-vs-trump-cual-es-el-futuro-de-daca-bajo-la-administracion-trump\\\/\"]}]},{\"@type\":\"ImageObject\",\"inLanguage\":\"es\",\"@id\":\"https:\\\/\\\/gldlaw.com\\\/es\\\/preguntele-a-garry-daca-vs-trump-cual-es-el-futuro-de-daca-bajo-la-administracion-trump\\\/#primaryimage\",\"url\":\"https:\\\/\\\/gldlaw.com\\\/wp-content\\\/uploads\\\/2020\\\/07\\\/DA-Blog-Banners-5.png\",\"contentUrl\":\"https:\\\/\\\/gldlaw.com\\\/wp-content\\\/uploads\\\/2020\\\/07\\\/DA-Blog-Banners-5.png\",\"width\":820,\"height\":312},{\"@type\":\"BreadcrumbList\",\"@id\":\"https:\\\/\\\/gldlaw.com\\\/es\\\/preguntele-a-garry-daca-vs-trump-cual-es-el-futuro-de-daca-bajo-la-administracion-trump\\\/#breadcrumb\",\"itemListElement\":[{\"@type\":\"ListItem\",\"position\":1,\"name\":\"Home\",\"item\":\"https:\\\/\\\/gldlaw.com\\\/es\\\/\"},{\"@type\":\"ListItem\",\"position\":2,\"name\":\"Preg\u00fantele a Garry: DACA vs Trump | \u00bfCu\u00e1l es el futuro de DACA bajo la administraci\u00f3n Trump?\"}]},{\"@type\":\"WebSite\",\"@id\":\"https:\\\/\\\/gldlaw.com\\\/es\\\/#website\",\"url\":\"https:\\\/\\\/gldlaw.com\\\/es\\\/\",\"name\":\"Davis &amp; Associates\",\"description\":\"Dallas \\\/ Fort Worth Immigration Attorney\",\"potentialAction\":[{\"@type\":\"SearchAction\",\"target\":{\"@type\":\"EntryPoint\",\"urlTemplate\":\"https:\\\/\\\/gldlaw.com\\\/es\\\/?s={search_term_string}\"},\"query-input\":{\"@type\":\"PropertyValueSpecification\",\"valueRequired\":true,\"valueName\":\"search_term_string\"}}],\"inLanguage\":\"es\"},{\"@type\":\"Person\",\"@id\":\"https:\\\/\\\/gldlaw.com\\\/es\\\/#\\\/schema\\\/person\\\/70995f4ab0bc2b4f3d1c5c65092d6ea6\",\"name\":\"Davis &amp; Associates\"}]}<\/script>\n<!-- \/ Yoast SEO plugin. -->","yoast_head_json":{"title":"\u00bfCu\u00e1l es el futuro de DACA bajo la administraci\u00f3n Trump?","description":"\u00bfCu\u00e1l es el futuro de DACA bajo Trump? El abogado Garry Davis revisa los acontecimientos recientes sobre DACA entre la administraci\u00f3n y los tribunales en este art\u00edculo.","robots":{"index":"index","follow":"follow","max-snippet":"max-snippet:-1","max-image-preview":"max-image-preview:large","max-video-preview":"max-video-preview:-1"},"canonical":"https:\/\/gldlaw.com\/es\/preguntele-a-garry-daca-vs-trump-cual-es-el-futuro-de-daca-bajo-la-administracion-trump\/","og_locale":"es_MX","og_type":"article","og_title":"\u00bfCu\u00e1l es el futuro de DACA bajo la administraci\u00f3n Trump?","og_description":"\u00bfCu\u00e1l es el futuro de DACA bajo Trump? El abogado Garry Davis revisa los acontecimientos recientes sobre DACA entre la administraci\u00f3n y los tribunales en este art\u00edculo.","og_url":"https:\/\/gldlaw.com\/es\/preguntele-a-garry-daca-vs-trump-cual-es-el-futuro-de-daca-bajo-la-administracion-trump\/","og_site_name":"Davis &amp; Associates","article_publisher":"https:\/\/www.facebook.com\/GLDavisandAssociates\/","article_published_time":"2024-06-24T15:46:50+00:00","og_image":[{"width":820,"height":312,"url":"https:\/\/gldlaw.com\/wp-content\/uploads\/2020\/07\/DA-Blog-Banners-5.png","type":"image\/png"}],"author":"Davis &amp; Associates","twitter_card":"summary_large_image","twitter_creator":"@GLD_Law","twitter_site":"@GLD_Law","twitter_misc":{"Escrito por":"Davis &amp; Associates","Tiempo de lectura":"5 minutos"},"schema":{"@context":"https:\/\/schema.org","@graph":[{"@type":"Article","@id":"https:\/\/gldlaw.com\/es\/preguntele-a-garry-daca-vs-trump-cual-es-el-futuro-de-daca-bajo-la-administracion-trump\/#article","isPartOf":{"@id":"https:\/\/gldlaw.com\/es\/preguntele-a-garry-daca-vs-trump-cual-es-el-futuro-de-daca-bajo-la-administracion-trump\/"},"author":{"name":"Davis &amp; Associates","@id":"https:\/\/gldlaw.com\/es\/#\/schema\/person\/70995f4ab0bc2b4f3d1c5c65092d6ea6"},"headline":"Preg\u00fantele a Garry: DACA vs Trump | \u00bfCu\u00e1l es el futuro de DACA bajo la administraci\u00f3n Trump?","datePublished":"2024-06-24T15:46:50+00:00","mainEntityOfPage":{"@id":"https:\/\/gldlaw.com\/es\/preguntele-a-garry-daca-vs-trump-cual-es-el-futuro-de-daca-bajo-la-administracion-trump\/"},"wordCount":928,"image":{"@id":"https:\/\/gldlaw.com\/es\/preguntele-a-garry-daca-vs-trump-cual-es-el-futuro-de-daca-bajo-la-administracion-trump\/#primaryimage"},"thumbnailUrl":"https:\/\/gldlaw.com\/wp-content\/uploads\/2020\/07\/DA-Blog-Banners-5.png","articleSection":["Asilo Pol\u00edtico","Ask Garry","Reforma inmigratoria"],"inLanguage":"es"},{"@type":"WebPage","@id":"https:\/\/gldlaw.com\/es\/preguntele-a-garry-daca-vs-trump-cual-es-el-futuro-de-daca-bajo-la-administracion-trump\/","url":"https:\/\/gldlaw.com\/es\/preguntele-a-garry-daca-vs-trump-cual-es-el-futuro-de-daca-bajo-la-administracion-trump\/","name":"\u00bfCu\u00e1l es el futuro de DACA bajo la administraci\u00f3n Trump?","isPartOf":{"@id":"https:\/\/gldlaw.com\/es\/#website"},"primaryImageOfPage":{"@id":"https:\/\/gldlaw.com\/es\/preguntele-a-garry-daca-vs-trump-cual-es-el-futuro-de-daca-bajo-la-administracion-trump\/#primaryimage"},"image":{"@id":"https:\/\/gldlaw.com\/es\/preguntele-a-garry-daca-vs-trump-cual-es-el-futuro-de-daca-bajo-la-administracion-trump\/#primaryimage"},"thumbnailUrl":"https:\/\/gldlaw.com\/wp-content\/uploads\/2020\/07\/DA-Blog-Banners-5.png","datePublished":"2024-06-24T15:46:50+00:00","author":{"@id":"https:\/\/gldlaw.com\/es\/#\/schema\/person\/70995f4ab0bc2b4f3d1c5c65092d6ea6"},"description":"\u00bfCu\u00e1l es el futuro de DACA bajo Trump? El abogado Garry Davis revisa los acontecimientos recientes sobre DACA entre la administraci\u00f3n y los tribunales en este art\u00edculo.","breadcrumb":{"@id":"https:\/\/gldlaw.com\/es\/preguntele-a-garry-daca-vs-trump-cual-es-el-futuro-de-daca-bajo-la-administracion-trump\/#breadcrumb"},"inLanguage":"es","potentialAction":[{"@type":"ReadAction","target":["https:\/\/gldlaw.com\/es\/preguntele-a-garry-daca-vs-trump-cual-es-el-futuro-de-daca-bajo-la-administracion-trump\/"]}]},{"@type":"ImageObject","inLanguage":"es","@id":"https:\/\/gldlaw.com\/es\/preguntele-a-garry-daca-vs-trump-cual-es-el-futuro-de-daca-bajo-la-administracion-trump\/#primaryimage","url":"https:\/\/gldlaw.com\/wp-content\/uploads\/2020\/07\/DA-Blog-Banners-5.png","contentUrl":"https:\/\/gldlaw.com\/wp-content\/uploads\/2020\/07\/DA-Blog-Banners-5.png","width":820,"height":312},{"@type":"BreadcrumbList","@id":"https:\/\/gldlaw.com\/es\/preguntele-a-garry-daca-vs-trump-cual-es-el-futuro-de-daca-bajo-la-administracion-trump\/#breadcrumb","itemListElement":[{"@type":"ListItem","position":1,"name":"Home","item":"https:\/\/gldlaw.com\/es\/"},{"@type":"ListItem","position":2,"name":"Preg\u00fantele a Garry: DACA vs Trump | \u00bfCu\u00e1l es el futuro de DACA bajo la administraci\u00f3n Trump?"}]},{"@type":"WebSite","@id":"https:\/\/gldlaw.com\/es\/#website","url":"https:\/\/gldlaw.com\/es\/","name":"Davis &amp; Associates","description":"Dallas \/ Fort Worth Immigration Attorney","potentialAction":[{"@type":"SearchAction","target":{"@type":"EntryPoint","urlTemplate":"https:\/\/gldlaw.com\/es\/?s={search_term_string}"},"query-input":{"@type":"PropertyValueSpecification","valueRequired":true,"valueName":"search_term_string"}}],"inLanguage":"es"},{"@type":"Person","@id":"https:\/\/gldlaw.com\/es\/#\/schema\/person\/70995f4ab0bc2b4f3d1c5c65092d6ea6","name":"Davis &amp; Associates"}]}},"_links":{"self":[{"href":"https:\/\/gldlaw.com\/es\/wp-json\/wp\/v2\/posts\/11198","targetHints":{"allow":["GET"]}}],"collection":[{"href":"https:\/\/gldlaw.com\/es\/wp-json\/wp\/v2\/posts"}],"about":[{"href":"https:\/\/gldlaw.com\/es\/wp-json\/wp\/v2\/types\/post"}],"author":[{"embeddable":true,"href":"https:\/\/gldlaw.com\/es\/wp-json\/wp\/v2\/users\/5"}],"replies":[{"embeddable":true,"href":"https:\/\/gldlaw.com\/es\/wp-json\/wp\/v2\/comments?post=11198"}],"version-history":[{"count":1,"href":"https:\/\/gldlaw.com\/es\/wp-json\/wp\/v2\/posts\/11198\/revisions"}],"predecessor-version":[{"id":11225,"href":"https:\/\/gldlaw.com\/es\/wp-json\/wp\/v2\/posts\/11198\/revisions\/11225"}],"wp:featuredmedia":[{"embeddable":true,"href":"https:\/\/gldlaw.com\/es\/wp-json\/wp\/v2\/media\/6993"}],"wp:attachment":[{"href":"https:\/\/gldlaw.com\/es\/wp-json\/wp\/v2\/media?parent=11198"}],"wp:term":[{"taxonomy":"category","embeddable":true,"href":"https:\/\/gldlaw.com\/es\/wp-json\/wp\/v2\/categories?post=11198"},{"taxonomy":"post_tag","embeddable":true,"href":"https:\/\/gldlaw.com\/es\/wp-json\/wp\/v2\/tags?post=11198"}],"curies":[{"name":"wp","href":"https:\/\/api.w.org\/{rel}","templated":true}]}}