{"id":11208,"date":"2024-06-24T17:46:56","date_gmt":"2024-06-24T22:46:56","guid":{"rendered":"https:\/\/gldlaw.com\/posturas-de-los-candidatos-democratas-de-2020-sobre-la-inmigracion\/"},"modified":"2025-06-03T13:25:30","modified_gmt":"2025-06-03T18:25:30","slug":"posturas-de-los-candidatos-democratas-de-2020-sobre-la-inmigracion","status":"publish","type":"post","link":"https:\/\/gldlaw.com\/es\/posturas-de-los-candidatos-democratas-de-2020-sobre-la-inmigracion\/","title":{"rendered":"Posturas de los candidatos dem\u00f3cratas de 2020 sobre la inmigraci\u00f3n"},"content":{"rendered":"<p>Las presidenciales de 2020 elecci\u00f3n son solo meses de distancia y candidatos de el Democr\u00e1tico El partido est\u00e1 compitiendo para el nominaci\u00f3n \u2013 pero d\u00f3nde hace cada un puesto en inmigraci\u00f3n ? Aqu\u00ed est\u00e1 qu\u00e9 t\u00fa necesidad a saber .<\/p>\n<p>Actualmente hay 11 personas . todav\u00eda en el carrera para el Democr\u00e1tico Nominaci\u00f3n del partido para 2020 , y algunos de a ellos tener vastamente diferente puntos de vista sobre lo legal y lo ilegal inmigraci\u00f3n . El candidatos actuales \u2013 muchos de a quien voluntad gota afuera de el carrera en el pr\u00f3ximo meses \u2013 incluyen :<\/p>\n<ol>\n<li>Joe Biden<\/li>\n<li>Bernie Sanders<\/li>\n<li>Elizabeth Warren<\/li>\n<li>Pete Buttigieg<\/li>\n<li>michael bennet<\/li>\n<li>Michael Bloomberg<\/li>\n<li>Tulsi Gabbardo<\/li>\n<li>Amy Klobuchar<\/li>\n<li>Deval Patrick<\/li>\n<li>Tom Steyer<\/li>\n<li>Andr\u00e9s Yang<\/li>\n<\/ol>\n<p>Mientras cada del candidato popularidad cambios d\u00eda por d\u00eda \u2013 e incluso encuesta por encuesta \u2013 el tres los favoritos hasta la fecha han sido Joe Biden , Bernie Sanders y Elizabeth Warren. Aqu\u00ed hay un acercamiento mira cada uno <a href=\"https:\/\/gldlaw.com\/es\/programas-nueva-inmigracion-del-presidente\/\" data-wpil-monitor-id=\"170\">del candidato postura en inmigraci\u00f3n<\/a> . Primero , verifique afuera estas tablas, que poner cada candidato en su o su propio campamento en espec\u00edfico asuntos .<\/p>\n<h3>Despenalizar Ilegal Borde Cruces<\/h3>\n<table width=\"1050\">\n<tbody>\n<tr>\n<td width=\"117\"><strong>S\u00ed, despenalizar Ilegal Borde Cruces<\/strong><\/td>\n<td width=\"117\"><strong>S\u00ed, temporalmente Despenalizar Ilegal Borde Cruces<\/strong><\/td>\n<td width=\"117\"><strong>No, ilegal Borde Cruce Deber\u00eda Sigue siendo un crimen<\/strong><\/td>\n<td width=\"117\"><strong>Poco claro en posici\u00f3n<\/strong><\/td>\n<\/tr>\n<tr>\n<td width=\"117\">Lijadoras<\/td>\n<td width=\"117\">yang<\/td>\n<td width=\"117\">Bennet<\/td>\n<td width=\"117\">Bloomberg<\/td>\n<\/tr>\n<tr>\n<td width=\"117\">Madriguera<\/td>\n<td width=\"117\"><\/td>\n<td width=\"117\">Biden<\/td>\n<td width=\"117\">Patricio<\/td>\n<\/tr>\n<tr>\n<td width=\"117\">Buttigieg<\/td>\n<td width=\"117\"><\/td>\n<td width=\"117\">Klobuchar<\/td>\n<td width=\"117\">Gabbardo<\/td>\n<\/tr>\n<tr>\n<td width=\"117\">Steyer<\/td>\n<td width=\"117\"><\/td>\n<td width=\"117\"><\/td>\n<td width=\"117\"><\/td>\n<\/tr>\n<\/tbody>\n<\/table>\n<p>&nbsp;<\/p>\n<h3>Inmigraci\u00f3n Legal Actual Niveles<\/h3>\n<table width=\"1033\">\n<tbody>\n<tr>\n<td width=\"117\"><strong>Aumentar Inmigraci\u00f3n Legal Actual Niveles<\/strong><\/td>\n<td width=\"117\"><strong>Mantener Inmigraci\u00f3n Legal Actual Niveles<\/strong><\/td>\n<td width=\"117\"><strong>Disminuir Inmigraci\u00f3n Legal Actual Niveles<\/strong><\/td>\n<td width=\"117\"><strong>Poco claro en posici\u00f3n<\/strong><\/td>\n<\/tr>\n<tr>\n<td width=\"117\">Biden<\/td>\n<td width=\"117\">N \/ A<\/td>\n<td width=\"117\">N \/ A<\/td>\n<td width=\"117\">Steyer<\/td>\n<\/tr>\n<tr>\n<td width=\"117\">Buttigieg<\/td>\n<td width=\"117\"><\/td>\n<td width=\"117\"><\/td>\n<td width=\"117\">Lijadoras<\/td>\n<\/tr>\n<tr>\n<td width=\"117\">Madriguera<\/td>\n<td width=\"117\"><\/td>\n<td width=\"117\"><\/td>\n<td width=\"117\">Gabbardo<\/td>\n<\/tr>\n<tr>\n<td width=\"117\">Bennet<\/td>\n<td width=\"117\"><\/td>\n<td width=\"117\"><\/td>\n<td width=\"117\"><\/td>\n<\/tr>\n<tr>\n<td width=\"117\">Bloomberg<\/td>\n<td width=\"117\"><\/td>\n<td width=\"117\"><\/td>\n<td width=\"117\"><\/td>\n<\/tr>\n<tr>\n<td width=\"117\">Klobuchar<\/td>\n<td width=\"117\"><\/td>\n<td width=\"117\"><\/td>\n<td width=\"117\"><\/td>\n<\/tr>\n<tr>\n<td width=\"117\">Patricio<\/td>\n<td width=\"117\"><\/td>\n<td width=\"117\"><\/td>\n<td width=\"117\"><\/td>\n<\/tr>\n<tr>\n<td width=\"117\">yang<\/td>\n<td width=\"117\"><\/td>\n<td width=\"117\"><\/td>\n<td width=\"117\"><\/td>\n<\/tr>\n<\/tbody>\n<\/table>\n<p>&nbsp;<\/p>\n<h3>Ciudadan\u00eda para So\u00f1adores<\/h3>\n<table width=\"1212\">\n<tbody>\n<tr>\n<td width=\"162\"><strong>Proporcionar un camino a Ciudadan\u00eda para So\u00f1adores<\/strong><\/td>\n<td width=\"162\"><strong>Proporcionar Ciudadan\u00eda a So\u00f1adores Con acci\u00f3n ejecutiva a Ay\u00fadalos a legalizar si Congreso Hace No aprobar legislaci\u00f3n<\/strong><\/td>\n<td width=\"143\"><strong>Poco claro en posici\u00f3n<\/strong><\/td>\n<\/tr>\n<tr>\n<td width=\"162\">Lijadoras<\/td>\n<td width=\"162\">Steyer<\/td>\n<td width=\"143\">Patricio<\/td>\n<\/tr>\n<tr>\n<td width=\"162\">Biden<\/td>\n<td width=\"162\">Gabbardo<\/td>\n<td width=\"143\">Bloomberg<\/td>\n<\/tr>\n<tr>\n<td width=\"162\">Madriguera<\/td>\n<td width=\"162\"><\/td>\n<td width=\"143\"><\/td>\n<\/tr>\n<tr>\n<td width=\"162\">Bennet<\/td>\n<td width=\"162\"><\/td>\n<td width=\"143\"><\/td>\n<\/tr>\n<tr>\n<td width=\"162\">Buttigieg<\/td>\n<td width=\"162\"><\/td>\n<td width=\"143\"><\/td>\n<\/tr>\n<tr>\n<td width=\"162\">yang<\/td>\n<td width=\"162\"><\/td>\n<td width=\"143\"><\/td>\n<\/tr>\n<tr>\n<td width=\"162\">Klobuchar<\/td>\n<td width=\"162\"><\/td>\n<td width=\"143\"><\/td>\n<\/tr>\n<\/tbody>\n<\/table>\n<h3>Las posiciones de Joe Biden sobre Problemas de inmigraci\u00f3n<\/h3>\n<p>El ex vicepresidente Joe Biden promesas a :<\/p>\n<ul>\n<li><\/li>\n<\/ul>\n<ul>\n<li style=\"list-style-type: none;\">\n<ul>\n<li>Modernizar el inmigraci\u00f3n sistema y bienvenido inmigrantes en comunidades<\/li>\n<li>Reafirmar nuestro del pa\u00eds compromiso a asilados y refugiados<\/li>\n<\/ul>\n<\/li>\n<\/ul>\n<ul>\n<li>Implementar eficaz control fronterizo<\/li>\n<\/ul>\n<p>Puedes leer m\u00e1s sobre Vicepresidente\u200b\u200b Biden inmigraci\u00f3n posturas\u00a0<a href=\"https:\/\/web.archive.org\/web\/20240605165646\/https:\/\/joebiden.com\/2020\/10\/30\/president-trumps-cruel-immigration-second-term-policy-agenda-statement-by-vice-president-joe-biden\/#\">aqu\u00ed<\/a>. (El enlace original fue archivado, pero a\u00fan se puede leer en el sitio web de Wayback Machine.)<\/p>\n<h3>bernie Las posiciones de Sander en Problemas de inmigraci\u00f3n<\/h3>\n<p>Senador Bernie Sanders promete a :<\/p>\n<ul>\n<li>Poner fin a todo <a href=\"https:\/\/gldlaw.com\/es\/deportacion-de-ice-en-dallas-lo-que-usted-necesita-saber\/\" data-wpil-monitor-id=\"171\">deportaciones<\/a> hasta una minuciosa auditor\u00eda de pasado pr\u00e1cticas y pol\u00edticas Esta completo<\/li>\n<li>crear un camino a ciudadan\u00eda para actualmente <a href=\"https:\/\/gldlaw.com\/es\/requisitos-de-identificacion-real\/\" data-wpil-monitor-id=\"172\">indocumentado inmigrantes<\/a><\/li>\n<li>Restablecer y ampliar <a href=\"https:\/\/gldlaw.com\/es\/honorarios-comunes-de-abogados-de-inmigracion-explicados\/\" data-wpil-monitor-id=\"173\">DACA<\/a><\/li>\n<li>Desarrollar una nueva <a href=\"https:\/\/gldlaw.com\/es\/inmigracion\/asilo\/\" data-wpil-monitor-id=\"174\">pol\u00edtica m\u00e1s humana para asilados<\/a><\/li>\n<li>Desmantelar centros de detenci\u00f3n y reunir familias OMS tener estado separados en el borde<\/li>\n<li>Bienvenido asilados y refugiados <a href=\"https:\/\/gldlaw.com\/es\/inmigracion\/visas\/visa-f-1\/\" data-wpil-monitor-id=\"175\">para una<\/a> m\u00e1s amplia rango de razones , incluyendo aquellos quienes son desplazados por clima cambiar<\/li>\n<li>Desintegrar ICE y CBP y redistribuir su funciones a el adecuado autoridades<\/li>\n<\/ul>\n<p>Puedes leer m\u00e1s sobre\u200b La inmigraci\u00f3n del senador Sanders posturas\u00a0<a href=\"https:\/\/berniesanders.com\/issues\/welcoming-and-safe-america-all\/\">aqu\u00ed <\/a>.<\/p>\n<h3>Las posiciones de Elizabeth Warren sobre Problemas de inmigraci\u00f3n<\/h3>\n<p>La senadora Elizabeth Warren promete a :<\/p>\n<ul>\n<li>Ampliar la inmigraci\u00f3n legal<\/li>\n<li>Crear econ\u00f3mico borde seguridad<\/li>\n<li>Despenalizar migraci\u00f3n y reenfoque ley aplicaci\u00f3n en actividad criminal grave<\/li>\n<li>Separado <a href=\"https:\/\/gldlaw.com\/es\/como-encontrar-el-patrocinio-h-1b-por-companias-en-america\/\" data-wpil-monitor-id=\"176\">ley aplicaci\u00f3n de inmigraci\u00f3n<\/a> aplicaci\u00f3n<\/li>\n<li>Reconstruir CBP e ICE<\/li>\n<\/ul>\n<p>Puedes leer m\u00e1s sobre\u200b Senador Warren inmigraci\u00f3n posturas\u00a0<a href=\"https:\/\/elizabethwarren.com\/plans\/immigration\">aqu\u00ed <\/a>.<\/p>\n<h3>Las posiciones de Pete Buttigieg sobre Problemas de inmigraci\u00f3n<\/h3>\n<p>El alcalde Pete Buttigieg promesas a :<\/p>\n<ul>\n<li>crear un camino a ciudadan\u00eda <a href=\"https:\/\/gldlaw.com\/es\/inmigracion\/la-inmigracion-de-negocios\/visas-eb-2\/\" data-wpil-monitor-id=\"177\">para indocumentado inmigrantes<\/a><\/li>\n<li>Proteger So\u00f1adores y titulares de <a href=\"https:\/\/gldlaw.com\/es\/opciones-efectivas-para-aquellos-en-riesgo-de-perder-el-estatus-de-proteccion-temporal-tps\/\" data-wpil-monitor-id=\"178\">TPS<\/a><\/li>\n<li>Promover ciudadan\u00eda para elegibles <a href=\"https:\/\/gldlaw.com\/es\/las-relaciones-que-pueden-patrocinar-la-residencia-permanente-legal\/\" data-wpil-monitor-id=\"179\">legales permanente residentes<\/a><\/li>\n<li>Invertir en naturalizaci\u00f3n e integraci\u00f3n a trav\u00e9s de el creaci\u00f3n de una <a href=\"https:\/\/gldlaw.com\/es\/como-presentar-la-peticion-de-nueva-oficina-l-1a\/\" data-wpil-monitor-id=\"180\">Oficina Nacional de Nuevos<\/a> Americanos<\/li>\n<\/ul>\n<p>Puede leer m\u00e1s sobre la decisi\u00f3n del alcalde Buttigieg . inmigraci\u00f3n posturas\u00a0<a href=\"https:\/\/peteforamerica.com\/policies\/immigration\/\">aqu\u00ed <\/a>.<\/p>\n<h3>Las posiciones de Michael Bennet sobre Problemas de inmigraci\u00f3n<\/h3>\n<p>El senador Michael Bennet promete a :<\/p>\n<ul>\n<li>crear un camino a ciudadan\u00eda para beneficiarios de DACA y Dreamers<\/li>\n<li>crear un camino a ciudadan\u00eda para indocumentado inmigrantes<\/li>\n<li>Aumentar borde seguridad<\/li>\n<\/ul>\n<p>Puedes leer m\u00e1s sobre\u200b Senador Bennet inmigraci\u00f3n posturas\u00a0<a href=\"https:\/\/www.bennet.senate.gov\/public\/index.cfm\/immigration\">aqu\u00ed <\/a>.<\/p>\n<h3><\/h3>\n<h3><\/h3>\n<h3>Las posiciones de Michael Bloomberg sobre Problemas de inmigraci\u00f3n<\/h3>\n<p>&nbsp;<\/p>\n<p>El alcalde Michael Bloomberg promete a :<\/p>\n<p>Cambiar deportaci\u00f3n programas<\/p>\n<ul>\n<li>Normalizar el estado de de lo contrario respetuoso de la ley <a href=\"https:\/\/gldlaw.com\/es\/inmigrantes-indocumentados-como-obtener-estatus-legal-en-los-estados-unidos\/\" data-wpil-monitor-id=\"181\">indocumentado inmigrantes ya en estados unidos<\/a><\/li>\n<\/ul>\n<p>Puedes leer\u200b sobre el alcalde Bloomberg posturas en inmigraci\u00f3n\u00a0<a href=\"https:\/\/www.mikebloomberg.com\/policies\/immigration\">aqu\u00ed <\/a>.<\/p>\n<h3><\/h3>\n<h3><\/h3>\n<h3>Tulsi Las posiciones de Gabbard sobre Problemas de inmigraci\u00f3n<\/h3>\n<p>Representante Tulsi Gabbardo promesas a :<\/p>\n<ul>\n<li>Proteger a los beneficiarios de DACA de deportaci\u00f3n<\/li>\n<li>Crear una alta tecnolog\u00eda barrera<br \/>\nde vigilancia bastante que un muro en EE.UU.\/M\u00e9xico\u200b\u200b borde<\/li>\n<li>Hacer inmigraci\u00f3n legal m\u00e1s f\u00e1cil<\/li>\n<li>Conceder la ciudadan\u00eda a el ni\u00f1os de indocumentado inmigrantes<\/li>\n<\/ul>\n<p><a href=\"https:\/\/gldlaw.com\/es\/abogado-en-la-revista-de-derecho-que-no-pueden-obtener-una-tarjeta-verde\/\" data-wpil-monitor-id=\"182\">Puede obtener<\/a> m\u00e1s informaci\u00f3n sobre el representante Gabbard . posturas en inmigraci\u00f3n<\/p>\n<p>aqu\u00ed .<\/p>\n<h3>Las posiciones de Amy Klobuchar sobre Problemas de inmigraci\u00f3n<\/h3>\n<p>Senadora Amy Klobuchar promesas a :<\/p>\n<ul>\n<li>Aumentar la inmigraci\u00f3n legal<\/li>\n<li>Aumentar temporario n\u00fameros de visa de trabajo<\/li>\n<li>Reformar ICE, pero no abolir \u00e9l<\/li>\n<li>Para el separaci\u00f3n de familias en el borde<\/li>\n<\/ul>\n<p>Puedes leer m\u00e1s sobre\u200b Senador Klobuchar&#8217;s pol\u00edticas\u00a0<a href=\"https:\/\/www.klobuchar.senate.gov\/public\/index.cfm\/2018\/6\/sen-amy-klobuchar-on-immigration-reform-we-need-to-get-this-done\">aqu\u00ed <\/a>.<\/p>\n<h3><\/h3>\n<h3>Las posiciones de Deval Patrick en Problemas de inmigraci\u00f3n<\/h3>\n<p>El gobernador Deval Patrick promete a :<\/p>\n<ul>\n<li>Modernizar <a href=\"https:\/\/gldlaw.com\/es\/servicios-de-inmigracion-y-naturalizacion-en-dallas-y-houston-texas\/\" data-wpil-monitor-id=\"183\">naturalizaci\u00f3n y fin La acumulaci\u00f3n de solicitudes de visa<\/a><\/li>\n<li>Expandir el programa de <a href=\"https:\/\/gldlaw.com\/es\/introduccion-a-la-creacion-de-empleo-visa\/\" data-wpil-monitor-id=\"184\">visa basado en empleo<\/a><\/li>\n<li>Crear un camino a ciudadan\u00eda <a href=\"https:\/\/gldlaw.com\/es\/noticia-de-alerta-elservicio-de-ciudadania-e-inmigracion-de-los-estados-unidos-uscis-propone-reformas-en-el-proceso-de-seleccion-para-la-visa-h-1b\/\" data-wpil-monitor-id=\"185\">para indocumentado inmigrantes actualmente viviendo en los estados unidos<\/a><\/li>\n<li>Proporcionar trabajar autorizaci\u00f3n a estudiantes quienes completan su estudios <a href=\"https:\/\/gldlaw.com\/es\/opciones-de-visa-para-trabajar-en-los-estados-unidos\/\" data-wpil-monitor-id=\"186\">en estados unidos<\/a><\/li>\n<\/ul>\n<p>Puedes leer m\u00e1s sobre\u200b Gobernador Las posiciones de Patrick <a href=\"https:\/\/gldlaw.com\/es\/5-hechos-interesantes-sobre-inmigracion-en-texas\/\" data-wpil-monitor-id=\"187\">sobre inmigraci\u00f3n<\/a> asuntos aqu\u00ed .<\/p>\n<h3>Las posiciones de Tom Steyer sobre Problemas de inmigraci\u00f3n<\/h3>\n<p>Tom Steyer promesas a :<\/p>\n<ul>\n<li>Poner fin a <a href=\"https:\/\/gldlaw.com\/es\/tejas-aprieta-su-postura-sobre-reglas-de-certificado-de-nacimiento-de-los-inmigrantes\/\" data-wpil-monitor-id=\"188\">los abusos dentro el inmigraci\u00f3n<\/a> sistema<\/li>\n<li>Utilice la acci\u00f3n ejecutiva a restablecer DACA, promulgar DAPA y mejorar TPS<\/li>\n<li>Crear un camino a ciudadan\u00eda <a href=\"https:\/\/gldlaw.com\/es\/guia-para-el-ajuste-de-estatus-para-inmigracion-a-los-estados-unidos\/\" data-wpil-monitor-id=\"189\">para indocumentado inmigrantes<\/a><\/li>\n<li>Reformar ICE, CBP y USCIS pero no disolver las agencias<\/li>\n<li>Fin familia separaci\u00f3n<\/li>\n<\/ul>\n<h3>Las posiciones de Andrew Yang sobre Problemas de inmigraci\u00f3n<\/h3>\n<p>Andrew Yang promete a :<\/p>\n<ul>\n<li>Crear un camino a ciudadan\u00eda para indocumentado inmigrantes<\/li>\n<li>Seguro Estados Unidos- M\u00e9xico borde a disminuir ilegal entrada en <a href=\"https:\/\/gldlaw.com\/es\/ukraine-us-inmigrar\/\" data-wpil-monitor-id=\"190\">los Estados Unidos<\/a><\/li>\n<\/ul>\n<p>Puede leer m\u00e1s sobre el Sr. Yang .<\/p>\n<h2>T\u00fa\u200b Necesidad Inmigraci\u00f3n Ayuda ?<\/h2>\n<p>A pesar de importante reformas a el nosotros <a href=\"https:\/\/gldlaw.com\/es\/como-la-inmigracion-puede-afectar-las-elecciones-de-texas\/\" data-wpil-monitor-id=\"191\">inmigraci\u00f3n sistema puede<\/a> estar encendido el camino \u2013 dependiendo en OMS gana el presidencia en 2020 \u2013 derecha ahora podemos ayudar\u200b\u200b t\u00fa navegar nuestro actual sistema . Si t\u00fa necesidad inmigraci\u00f3n ayuda , ya sea tu lo har\u00edas <a href=\"https:\/\/gldlaw.com\/es\/como-conseguir-una-visa-de-prometido-en-los-estados-unidos\/\" data-wpil-monitor-id=\"192\">como a inmigrar a Estados Unidos<\/a> usted mismo , usted como a traer su familia miembros a Estados Unidos, o tu lo har\u00edas como su compa\u00f1\u00eda ser capaz\u200b a contratar extranjero trabajadores , por favor llamar a nosotros hoy a cronograma Tu consulta gratuita .<\/p>\n<p>&nbsp;<\/p>\n","protected":false},"excerpt":{"rendered":"<p>Las presidenciales de 2020 elecci\u00f3n son solo meses de distancia y candidatos de el Democr\u00e1tico El partido est\u00e1 compitiendo para el nominaci\u00f3n \u2013 pero d\u00f3nde hace cada un puesto en inmigraci\u00f3n ? Aqu\u00ed est\u00e1 qu\u00e9 t\u00fa necesidad a saber . Actualmente hay 11 personas . todav\u00eda en el carrera para el Democr\u00e1tico Nominaci\u00f3n del partido&hellip;<\/p>\n","protected":false},"author":5,"featured_media":0,"comment_status":"closed","ping_status":"closed","sticky":false,"template":"","format":"standard","meta":{"_monsterinsights_skip_tracking":false,"_monsterinsights_sitenote_active":false,"_monsterinsights_sitenote_note":"","_monsterinsights_sitenote_category":0,"footnotes":""},"categories":[444,76],"tags":[445],"class_list":["post-11208","post","type-post","status-publish","format-standard","hentry","category-debate-es","category-ultimas-noticias","tag-posturas-de-inmigracion"],"yoast_head":"<!-- This site is optimized with the Yoast SEO plugin v27.5 - https:\/\/yoast.com\/product\/yoast-seo-wordpress\/ -->\n<title>Posturas de Candidatos Dem\u00f3cratas de 2020 sobre Inmigraci\u00f3n<\/title>\n<meta name=\"description\" content=\"Las elecciones generales de 2020 est\u00e1n a la vuelta de la esquina. Consulte la postura de cada candidato dem\u00f3crata sobre la inmigraci\u00f3n para poder tomar una decisi\u00f3n informada.\" \/>\n<meta name=\"robots\" content=\"index, follow, max-snippet:-1, max-image-preview:large, max-video-preview:-1\" \/>\n<link rel=\"canonical\" href=\"https:\/\/gldlaw.com\/2020-democratic-candidates-stances-on-immigration\/\" \/>\n<meta property=\"og:locale\" content=\"es_MX\" \/>\n<meta property=\"og:type\" content=\"article\" \/>\n<meta property=\"og:title\" content=\"Posturas de Candidatos Dem\u00f3cratas de 2020 sobre Inmigraci\u00f3n\" \/>\n<meta property=\"og:description\" content=\"Las elecciones generales de 2020 est\u00e1n a la vuelta de la esquina. Consulte la postura de cada candidato dem\u00f3crata sobre la inmigraci\u00f3n para poder tomar una decisi\u00f3n informada.\" \/>\n<meta property=\"og:url\" content=\"https:\/\/gldlaw.com\/2020-democratic-candidates-stances-on-immigration\/\" \/>\n<meta property=\"og:site_name\" content=\"Davis &amp; Associates\" \/>\n<meta property=\"article:publisher\" content=\"https:\/\/www.facebook.com\/GLDavisandAssociates\/\" \/>\n<meta property=\"article:published_time\" content=\"2024-06-24T22:46:56+00:00\" \/>\n<meta property=\"article:modified_time\" content=\"2025-06-03T18:25:30+00:00\" \/>\n<meta property=\"og:image\" content=\"https:\/\/gldlaw.com\/wp-content\/uploads\/2016\/09\/Attorney-At-Law-Mag-5.png\" \/>\n\t<meta property=\"og:image:width\" content=\"560\" \/>\n\t<meta property=\"og:image:height\" content=\"315\" \/>\n\t<meta property=\"og:image:type\" content=\"image\/png\" \/>\n<meta name=\"author\" content=\"Davis &amp; Associates\" \/>\n<meta name=\"twitter:card\" content=\"summary_large_image\" \/>\n<meta name=\"twitter:creator\" content=\"@GLD_Law\" \/>\n<meta name=\"twitter:site\" content=\"@GLD_Law\" \/>\n<meta name=\"twitter:label1\" content=\"Escrito por\" \/>\n\t<meta name=\"twitter:data1\" content=\"Davis &amp; Associates\" \/>\n\t<meta name=\"twitter:label2\" content=\"Tiempo de lectura\" \/>\n\t<meta name=\"twitter:data2\" content=\"5 minutos\" \/>\n<script type=\"application\/ld+json\" class=\"yoast-schema-graph\">{\"@context\":\"https:\\\/\\\/schema.org\",\"@graph\":[{\"@type\":\"Article\",\"@id\":\"https:\\\/\\\/gldlaw.com\\\/2020-democratic-candidates-stances-on-immigration\\\/#article\",\"isPartOf\":{\"@id\":\"https:\\\/\\\/gldlaw.com\\\/2020-democratic-candidates-stances-on-immigration\\\/\"},\"author\":{\"name\":\"Davis &amp; Associates\",\"@id\":\"https:\\\/\\\/gldlaw.com\\\/es\\\/#\\\/schema\\\/person\\\/70995f4ab0bc2b4f3d1c5c65092d6ea6\"},\"headline\":\"Posturas de los candidatos dem\u00f3cratas de 2020 sobre la inmigraci\u00f3n\",\"datePublished\":\"2024-06-24T22:46:56+00:00\",\"dateModified\":\"2025-06-03T18:25:30+00:00\",\"mainEntityOfPage\":{\"@id\":\"https:\\\/\\\/gldlaw.com\\\/2020-democratic-candidates-stances-on-immigration\\\/\"},\"wordCount\":1166,\"keywords\":[\"Posturas de inmigraci\u00f3n\"],\"articleSection\":[\"Debate\",\"\u00daltimas Noticias\"],\"inLanguage\":\"es\"},{\"@type\":\"WebPage\",\"@id\":\"https:\\\/\\\/gldlaw.com\\\/2020-democratic-candidates-stances-on-immigration\\\/\",\"url\":\"https:\\\/\\\/gldlaw.com\\\/2020-democratic-candidates-stances-on-immigration\\\/\",\"name\":\"Posturas de Candidatos Dem\u00f3cratas de 2020 sobre Inmigraci\u00f3n\",\"isPartOf\":{\"@id\":\"https:\\\/\\\/gldlaw.com\\\/es\\\/#website\"},\"datePublished\":\"2024-06-24T22:46:56+00:00\",\"dateModified\":\"2025-06-03T18:25:30+00:00\",\"author\":{\"@id\":\"https:\\\/\\\/gldlaw.com\\\/es\\\/#\\\/schema\\\/person\\\/70995f4ab0bc2b4f3d1c5c65092d6ea6\"},\"description\":\"Las elecciones generales de 2020 est\u00e1n a la vuelta de la esquina. Consulte la postura de cada candidato dem\u00f3crata sobre la inmigraci\u00f3n para poder tomar una decisi\u00f3n informada.\",\"breadcrumb\":{\"@id\":\"https:\\\/\\\/gldlaw.com\\\/2020-democratic-candidates-stances-on-immigration\\\/#breadcrumb\"},\"inLanguage\":\"es\",\"potentialAction\":[{\"@type\":\"ReadAction\",\"target\":[\"https:\\\/\\\/gldlaw.com\\\/2020-democratic-candidates-stances-on-immigration\\\/\"]}]},{\"@type\":\"BreadcrumbList\",\"@id\":\"https:\\\/\\\/gldlaw.com\\\/2020-democratic-candidates-stances-on-immigration\\\/#breadcrumb\",\"itemListElement\":[{\"@type\":\"ListItem\",\"position\":1,\"name\":\"Home\",\"item\":\"https:\\\/\\\/gldlaw.com\\\/es\\\/\"},{\"@type\":\"ListItem\",\"position\":2,\"name\":\"Posturas de los candidatos dem\u00f3cratas de 2020 sobre la inmigraci\u00f3n\"}]},{\"@type\":\"WebSite\",\"@id\":\"https:\\\/\\\/gldlaw.com\\\/es\\\/#website\",\"url\":\"https:\\\/\\\/gldlaw.com\\\/es\\\/\",\"name\":\"Davis &amp; Associates\",\"description\":\"Dallas \\\/ Fort Worth Immigration Attorney\",\"potentialAction\":[{\"@type\":\"SearchAction\",\"target\":{\"@type\":\"EntryPoint\",\"urlTemplate\":\"https:\\\/\\\/gldlaw.com\\\/es\\\/?s={search_term_string}\"},\"query-input\":{\"@type\":\"PropertyValueSpecification\",\"valueRequired\":true,\"valueName\":\"search_term_string\"}}],\"inLanguage\":\"es\"},{\"@type\":\"Person\",\"@id\":\"https:\\\/\\\/gldlaw.com\\\/es\\\/#\\\/schema\\\/person\\\/70995f4ab0bc2b4f3d1c5c65092d6ea6\",\"name\":\"Davis &amp; Associates\"}]}<\/script>\n<!-- \/ Yoast SEO plugin. -->","yoast_head_json":{"title":"Posturas de Candidatos Dem\u00f3cratas de 2020 sobre Inmigraci\u00f3n","description":"Las elecciones generales de 2020 est\u00e1n a la vuelta de la esquina. Consulte la postura de cada candidato dem\u00f3crata sobre la inmigraci\u00f3n para poder tomar una decisi\u00f3n informada.","robots":{"index":"index","follow":"follow","max-snippet":"max-snippet:-1","max-image-preview":"max-image-preview:large","max-video-preview":"max-video-preview:-1"},"canonical":"https:\/\/gldlaw.com\/2020-democratic-candidates-stances-on-immigration\/","og_locale":"es_MX","og_type":"article","og_title":"Posturas de Candidatos Dem\u00f3cratas de 2020 sobre Inmigraci\u00f3n","og_description":"Las elecciones generales de 2020 est\u00e1n a la vuelta de la esquina. Consulte la postura de cada candidato dem\u00f3crata sobre la inmigraci\u00f3n para poder tomar una decisi\u00f3n informada.","og_url":"https:\/\/gldlaw.com\/2020-democratic-candidates-stances-on-immigration\/","og_site_name":"Davis &amp; Associates","article_publisher":"https:\/\/www.facebook.com\/GLDavisandAssociates\/","article_published_time":"2024-06-24T22:46:56+00:00","article_modified_time":"2025-06-03T18:25:30+00:00","og_image":[{"width":560,"height":315,"url":"https:\/\/gldlaw.com\/wp-content\/uploads\/2016\/09\/Attorney-At-Law-Mag-5.png","type":"image\/png"}],"author":"Davis &amp; Associates","twitter_card":"summary_large_image","twitter_creator":"@GLD_Law","twitter_site":"@GLD_Law","twitter_misc":{"Escrito por":"Davis &amp; Associates","Tiempo de lectura":"5 minutos"},"schema":{"@context":"https:\/\/schema.org","@graph":[{"@type":"Article","@id":"https:\/\/gldlaw.com\/2020-democratic-candidates-stances-on-immigration\/#article","isPartOf":{"@id":"https:\/\/gldlaw.com\/2020-democratic-candidates-stances-on-immigration\/"},"author":{"name":"Davis &amp; Associates","@id":"https:\/\/gldlaw.com\/es\/#\/schema\/person\/70995f4ab0bc2b4f3d1c5c65092d6ea6"},"headline":"Posturas de los candidatos dem\u00f3cratas de 2020 sobre la inmigraci\u00f3n","datePublished":"2024-06-24T22:46:56+00:00","dateModified":"2025-06-03T18:25:30+00:00","mainEntityOfPage":{"@id":"https:\/\/gldlaw.com\/2020-democratic-candidates-stances-on-immigration\/"},"wordCount":1166,"keywords":["Posturas de inmigraci\u00f3n"],"articleSection":["Debate","\u00daltimas Noticias"],"inLanguage":"es"},{"@type":"WebPage","@id":"https:\/\/gldlaw.com\/2020-democratic-candidates-stances-on-immigration\/","url":"https:\/\/gldlaw.com\/2020-democratic-candidates-stances-on-immigration\/","name":"Posturas de Candidatos Dem\u00f3cratas de 2020 sobre Inmigraci\u00f3n","isPartOf":{"@id":"https:\/\/gldlaw.com\/es\/#website"},"datePublished":"2024-06-24T22:46:56+00:00","dateModified":"2025-06-03T18:25:30+00:00","author":{"@id":"https:\/\/gldlaw.com\/es\/#\/schema\/person\/70995f4ab0bc2b4f3d1c5c65092d6ea6"},"description":"Las elecciones generales de 2020 est\u00e1n a la vuelta de la esquina. Consulte la postura de cada candidato dem\u00f3crata sobre la inmigraci\u00f3n para poder tomar una decisi\u00f3n informada.","breadcrumb":{"@id":"https:\/\/gldlaw.com\/2020-democratic-candidates-stances-on-immigration\/#breadcrumb"},"inLanguage":"es","potentialAction":[{"@type":"ReadAction","target":["https:\/\/gldlaw.com\/2020-democratic-candidates-stances-on-immigration\/"]}]},{"@type":"BreadcrumbList","@id":"https:\/\/gldlaw.com\/2020-democratic-candidates-stances-on-immigration\/#breadcrumb","itemListElement":[{"@type":"ListItem","position":1,"name":"Home","item":"https:\/\/gldlaw.com\/es\/"},{"@type":"ListItem","position":2,"name":"Posturas de los candidatos dem\u00f3cratas de 2020 sobre la inmigraci\u00f3n"}]},{"@type":"WebSite","@id":"https:\/\/gldlaw.com\/es\/#website","url":"https:\/\/gldlaw.com\/es\/","name":"Davis &amp; Associates","description":"Dallas \/ Fort Worth Immigration Attorney","potentialAction":[{"@type":"SearchAction","target":{"@type":"EntryPoint","urlTemplate":"https:\/\/gldlaw.com\/es\/?s={search_term_string}"},"query-input":{"@type":"PropertyValueSpecification","valueRequired":true,"valueName":"search_term_string"}}],"inLanguage":"es"},{"@type":"Person","@id":"https:\/\/gldlaw.com\/es\/#\/schema\/person\/70995f4ab0bc2b4f3d1c5c65092d6ea6","name":"Davis &amp; Associates"}]}},"_links":{"self":[{"href":"https:\/\/gldlaw.com\/es\/wp-json\/wp\/v2\/posts\/11208","targetHints":{"allow":["GET"]}}],"collection":[{"href":"https:\/\/gldlaw.com\/es\/wp-json\/wp\/v2\/posts"}],"about":[{"href":"https:\/\/gldlaw.com\/es\/wp-json\/wp\/v2\/types\/post"}],"author":[{"embeddable":true,"href":"https:\/\/gldlaw.com\/es\/wp-json\/wp\/v2\/users\/5"}],"replies":[{"embeddable":true,"href":"https:\/\/gldlaw.com\/es\/wp-json\/wp\/v2\/comments?post=11208"}],"version-history":[{"count":3,"href":"https:\/\/gldlaw.com\/es\/wp-json\/wp\/v2\/posts\/11208\/revisions"}],"predecessor-version":[{"id":12281,"href":"https:\/\/gldlaw.com\/es\/wp-json\/wp\/v2\/posts\/11208\/revisions\/12281"}],"wp:attachment":[{"href":"https:\/\/gldlaw.com\/es\/wp-json\/wp\/v2\/media?parent=11208"}],"wp:term":[{"taxonomy":"category","embeddable":true,"href":"https:\/\/gldlaw.com\/es\/wp-json\/wp\/v2\/categories?post=11208"},{"taxonomy":"post_tag","embeddable":true,"href":"https:\/\/gldlaw.com\/es\/wp-json\/wp\/v2\/tags?post=11208"}],"curies":[{"name":"wp","href":"https:\/\/api.w.org\/{rel}","templated":true}]}}