{"id":3318,"date":"2015-08-10T07:10:41","date_gmt":"2015-08-10T07:10:41","guid":{"rendered":"https:\/\/gldlaw.com\/es\/finnish-politician-faces-backlash-after-anti-immigration-rant\/"},"modified":"2017-11-06T20:41:39","modified_gmt":"2017-11-06T20:41:39","slug":"politico-de-finlandia-caras-contragolpe-despues-anti-inmigracion-rant","status":"publish","type":"post","link":"https:\/\/gldlaw.com\/es\/politico-de-finlandia-caras-contragolpe-despues-anti-inmigracion-rant\/","title":{"rendered":"Pol\u00edtico de Finlandia Caras contragolpe Despu\u00e9s anti-inmigraci\u00f3n Rant"},"content":{"rendered":"<p>Los finlandeses, una fiesta en la coalici\u00f3n gobernante de Finlandia, se est\u00e1 instando a los legisladores y ministros del pa\u00eds para cortar los lazos con un miembro que dej\u00f3 una diatriba feroz contra el multiculturalismo en Facebook.<\/p>\n<p>Olli Immonen, un miembro de los finlandeses, solicit\u00f3 la ayuda de sus &#8220;compa\u00f1eros de lucha&#8221; en la batalla contra el multiculturalismo para defender &#8220;una verdadera naci\u00f3n finlandesa.&#8221;<\/p>\n<p>Cuatro d\u00edas despu\u00e9s, el pa\u00eds espera una respuesta oficial del canciller Timo Soini, l\u00edder de los finlandeses. Erkki Tuomioja, un miembro del principal partido de la oposici\u00f3n, los socialdem\u00f3cratas, sugiere la incapacidad de Soini para producir una respuesta al mensaje medios de comunicaci\u00f3n social da al pa\u00eds una imagen negativa.<\/p>\n<p>&#8220;Cuando el multiculturalismo y la diversidad se ponen en tela de juicio se debe responder en voz alta,&#8221; Tuomioja, que fue el propio ministro de Asuntos Exteriores de 11 de los \u00faltimos 15 a\u00f1os, dijo en una entrevista telef\u00f3nica. &#8220;No hay tal cosa como un lenguaje de odio inofensiva, y es un peque\u00f1o paso desde all\u00ed a odiar a los actos. No se debe tolerar.&#8221;<\/p>\n<p>Los miembros de otros partidos pol\u00edticos respondieron mediante la publicaci\u00f3n de la importancia de la interculturalidad en sus p\u00e1ginas de medios sociales, as\u00ed como la publicaci\u00f3n de blogs relacionados con el tema.<\/p>\n<p>Los finlandeses han intentado bajar el tono de su oposici\u00f3n al euro en los \u00faltimos meses como la cooperaci\u00f3n europea y el enfoque de la inmigraci\u00f3n la pol\u00edtica convencional. el arrebato de Immonen sugiere esta t\u00e1ctica ha sido un fracaso.<\/p>\n<p>Soini coment\u00f3 a un peri\u00f3dico local el lunes que las medidas disciplinarias con respecto a los comentarios de Immonen es responsabilidad del grupo parlamentario del partido. El grupo parlamentario no se reunir\u00e1 hasta despu\u00e9s de la temporada de vacaciones.<\/p>\n<p>Un evento organizado en respuesta a los comentarios de Immonen atrajo a m\u00e1s de 15.000 personas el martes. oradores del evento hicieron hincapi\u00e9 en la importancia de una sociedad finlandesa multicultural.<\/p>\n<p>&#8220;Hemos sido utilizado para el racismo, pero hay que oponerse a esto. Hemos estado en silencio durante demasiado tiempo y es hora de decir en voz alta que no es aceptable&#8221;, dijo Ozan Yanar de origen turco, un parlamentario finland\u00e9s de la oposici\u00f3n Verde fiesta.<\/p>\n<p>Fuente: Tiessalo, Raine, &#8220;diatriba anti-inmigraci\u00f3n en Facebook enfurece a los legisladores finlandeses, chispas protesta reuni\u00f3n,&#8221; <em>Homenaje Chicago<\/em>, 28 de julio, el a\u00f1o 2015<\/p>\n","protected":false},"excerpt":{"rendered":"<p>Los finlandeses, una fiesta en la coalici\u00f3n gobernante de Finlandia, se est\u00e1 instando a los legisladores y ministros del pa\u00eds para cortar los lazos con un miembro que dej\u00f3 una diatriba feroz contra el multiculturalismo en Facebook. Olli Immonen, un miembro de los finlandeses, solicit\u00f3 la ayuda de sus &#8220;compa\u00f1eros de lucha&#8221; en la batalla&hellip;<\/p>\n","protected":false},"author":18,"featured_media":3195,"comment_status":"closed","ping_status":"closed","sticky":false,"template":"","format":"standard","meta":{"_monsterinsights_skip_tracking":false,"_monsterinsights_sitenote_active":false,"_monsterinsights_sitenote_note":"","_monsterinsights_sitenote_category":0,"footnotes":""},"categories":[76],"tags":[],"class_list":["post-3318","post","type-post","status-publish","format-standard","has-post-thumbnail","hentry","category-ultimas-noticias"],"yoast_head":"<!-- This site is optimized with the Yoast SEO plugin v27.5 - https:\/\/yoast.com\/product\/yoast-seo-wordpress\/ -->\n<title>Abogado de Inmigraci\u00f3n de Dallas | Davis &amp; Associates<\/title>\n<meta name=\"description\" content=\"La redada antimigratoria en Facebook enfurece a los legisladores de los pol\u00edticos finlandeses y desencadena una manifestaci\u00f3n de protesta.\" \/>\n<meta name=\"robots\" content=\"index, follow, max-snippet:-1, max-image-preview:large, max-video-preview:-1\" \/>\n<link rel=\"canonical\" href=\"https:\/\/gldlaw.com\/es\/politico-de-finlandia-caras-contragolpe-despues-anti-inmigracion-rant\/\" \/>\n<meta property=\"og:locale\" content=\"es_MX\" \/>\n<meta property=\"og:type\" content=\"article\" \/>\n<meta property=\"og:title\" content=\"Abogado de Inmigraci\u00f3n de Dallas | Davis &amp; Associates\" \/>\n<meta property=\"og:description\" content=\"La redada antimigratoria en Facebook enfurece a los legisladores de los pol\u00edticos finlandeses y desencadena una manifestaci\u00f3n de protesta.\" \/>\n<meta property=\"og:url\" content=\"https:\/\/gldlaw.com\/es\/politico-de-finlandia-caras-contragolpe-despues-anti-inmigracion-rant\/\" \/>\n<meta property=\"og:site_name\" content=\"Davis &amp; Associates\" \/>\n<meta property=\"article:publisher\" content=\"https:\/\/www.facebook.com\/GLDavisandAssociates\/\" \/>\n<meta property=\"article:published_time\" content=\"2015-08-10T07:10:41+00:00\" \/>\n<meta property=\"article:modified_time\" content=\"2017-11-06T20:41:39+00:00\" \/>\n<meta property=\"og:image\" content=\"https:\/\/gldlaw.com\/wp-content\/uploads\/2015\/08\/5310749.jpg\" \/>\n\t<meta property=\"og:image:width\" content=\"618\" \/>\n\t<meta property=\"og:image:height\" content=\"360\" \/>\n\t<meta property=\"og:image:type\" content=\"image\/jpeg\" \/>\n<meta name=\"author\" content=\"Garry Davis\" \/>\n<meta name=\"twitter:card\" content=\"summary_large_image\" \/>\n<meta name=\"twitter:creator\" content=\"@GLD_Law\" \/>\n<meta name=\"twitter:site\" content=\"@GLD_Law\" \/>\n<meta name=\"twitter:label1\" content=\"Escrito por\" \/>\n\t<meta name=\"twitter:data1\" content=\"Garry Davis\" \/>\n\t<meta name=\"twitter:label2\" content=\"Tiempo de lectura\" \/>\n\t<meta name=\"twitter:data2\" content=\"2 minutos\" \/>\n<script type=\"application\/ld+json\" class=\"yoast-schema-graph\">{\"@context\":\"https:\\\/\\\/schema.org\",\"@graph\":[{\"@type\":\"Article\",\"@id\":\"https:\\\/\\\/gldlaw.com\\\/es\\\/politico-de-finlandia-caras-contragolpe-despues-anti-inmigracion-rant\\\/#article\",\"isPartOf\":{\"@id\":\"https:\\\/\\\/gldlaw.com\\\/es\\\/politico-de-finlandia-caras-contragolpe-despues-anti-inmigracion-rant\\\/\"},\"author\":{\"name\":\"Garry Davis\",\"@id\":\"https:\\\/\\\/gldlaw.com\\\/es\\\/#\\\/schema\\\/person\\\/158555469405520c3bc5584e49d95882\"},\"headline\":\"Pol\u00edtico de Finlandia Caras contragolpe Despu\u00e9s anti-inmigraci\u00f3n Rant\",\"datePublished\":\"2015-08-10T07:10:41+00:00\",\"dateModified\":\"2017-11-06T20:41:39+00:00\",\"mainEntityOfPage\":{\"@id\":\"https:\\\/\\\/gldlaw.com\\\/es\\\/politico-de-finlandia-caras-contragolpe-despues-anti-inmigracion-rant\\\/\"},\"wordCount\":427,\"image\":{\"@id\":\"https:\\\/\\\/gldlaw.com\\\/es\\\/politico-de-finlandia-caras-contragolpe-despues-anti-inmigracion-rant\\\/#primaryimage\"},\"thumbnailUrl\":\"https:\\\/\\\/gldlaw.com\\\/wp-content\\\/uploads\\\/2015\\\/08\\\/5310749.jpg\",\"articleSection\":[\"\u00daltimas Noticias\"],\"inLanguage\":\"es\"},{\"@type\":\"WebPage\",\"@id\":\"https:\\\/\\\/gldlaw.com\\\/es\\\/politico-de-finlandia-caras-contragolpe-despues-anti-inmigracion-rant\\\/\",\"url\":\"https:\\\/\\\/gldlaw.com\\\/es\\\/politico-de-finlandia-caras-contragolpe-despues-anti-inmigracion-rant\\\/\",\"name\":\"Abogado de Inmigraci\u00f3n de Dallas | Davis & Associates\",\"isPartOf\":{\"@id\":\"https:\\\/\\\/gldlaw.com\\\/es\\\/#website\"},\"primaryImageOfPage\":{\"@id\":\"https:\\\/\\\/gldlaw.com\\\/es\\\/politico-de-finlandia-caras-contragolpe-despues-anti-inmigracion-rant\\\/#primaryimage\"},\"image\":{\"@id\":\"https:\\\/\\\/gldlaw.com\\\/es\\\/politico-de-finlandia-caras-contragolpe-despues-anti-inmigracion-rant\\\/#primaryimage\"},\"thumbnailUrl\":\"https:\\\/\\\/gldlaw.com\\\/wp-content\\\/uploads\\\/2015\\\/08\\\/5310749.jpg\",\"datePublished\":\"2015-08-10T07:10:41+00:00\",\"dateModified\":\"2017-11-06T20:41:39+00:00\",\"author\":{\"@id\":\"https:\\\/\\\/gldlaw.com\\\/es\\\/#\\\/schema\\\/person\\\/158555469405520c3bc5584e49d95882\"},\"description\":\"La redada antimigratoria en Facebook enfurece a los legisladores de los pol\u00edticos finlandeses y desencadena una manifestaci\u00f3n de protesta.\",\"breadcrumb\":{\"@id\":\"https:\\\/\\\/gldlaw.com\\\/es\\\/politico-de-finlandia-caras-contragolpe-despues-anti-inmigracion-rant\\\/#breadcrumb\"},\"inLanguage\":\"es\",\"potentialAction\":[{\"@type\":\"ReadAction\",\"target\":[\"https:\\\/\\\/gldlaw.com\\\/es\\\/politico-de-finlandia-caras-contragolpe-despues-anti-inmigracion-rant\\\/\"]}]},{\"@type\":\"ImageObject\",\"inLanguage\":\"es\",\"@id\":\"https:\\\/\\\/gldlaw.com\\\/es\\\/politico-de-finlandia-caras-contragolpe-despues-anti-inmigracion-rant\\\/#primaryimage\",\"url\":\"https:\\\/\\\/gldlaw.com\\\/wp-content\\\/uploads\\\/2015\\\/08\\\/5310749.jpg\",\"contentUrl\":\"https:\\\/\\\/gldlaw.com\\\/wp-content\\\/uploads\\\/2015\\\/08\\\/5310749.jpg\",\"width\":618,\"height\":360,\"caption\":\"5310749\"},{\"@type\":\"BreadcrumbList\",\"@id\":\"https:\\\/\\\/gldlaw.com\\\/es\\\/politico-de-finlandia-caras-contragolpe-despues-anti-inmigracion-rant\\\/#breadcrumb\",\"itemListElement\":[{\"@type\":\"ListItem\",\"position\":1,\"name\":\"Home\",\"item\":\"https:\\\/\\\/gldlaw.com\\\/es\\\/\"},{\"@type\":\"ListItem\",\"position\":2,\"name\":\"Pol\u00edtico de Finlandia Caras contragolpe Despu\u00e9s anti-inmigraci\u00f3n Rant\"}]},{\"@type\":\"WebSite\",\"@id\":\"https:\\\/\\\/gldlaw.com\\\/es\\\/#website\",\"url\":\"https:\\\/\\\/gldlaw.com\\\/es\\\/\",\"name\":\"Davis &amp; Associates\",\"description\":\"Dallas \\\/ Fort Worth Immigration Attorney\",\"potentialAction\":[{\"@type\":\"SearchAction\",\"target\":{\"@type\":\"EntryPoint\",\"urlTemplate\":\"https:\\\/\\\/gldlaw.com\\\/es\\\/?s={search_term_string}\"},\"query-input\":{\"@type\":\"PropertyValueSpecification\",\"valueRequired\":true,\"valueName\":\"search_term_string\"}}],\"inLanguage\":\"es\"},{\"@type\":\"Person\",\"@id\":\"https:\\\/\\\/gldlaw.com\\\/es\\\/#\\\/schema\\\/person\\\/158555469405520c3bc5584e49d95882\",\"name\":\"Garry Davis\"}]}<\/script>\n<!-- \/ Yoast SEO plugin. -->","yoast_head_json":{"title":"Abogado de Inmigraci\u00f3n de Dallas | Davis & Associates","description":"La redada antimigratoria en Facebook enfurece a los legisladores de los pol\u00edticos finlandeses y desencadena una manifestaci\u00f3n de protesta.","robots":{"index":"index","follow":"follow","max-snippet":"max-snippet:-1","max-image-preview":"max-image-preview:large","max-video-preview":"max-video-preview:-1"},"canonical":"https:\/\/gldlaw.com\/es\/politico-de-finlandia-caras-contragolpe-despues-anti-inmigracion-rant\/","og_locale":"es_MX","og_type":"article","og_title":"Abogado de Inmigraci\u00f3n de Dallas | Davis & Associates","og_description":"La redada antimigratoria en Facebook enfurece a los legisladores de los pol\u00edticos finlandeses y desencadena una manifestaci\u00f3n de protesta.","og_url":"https:\/\/gldlaw.com\/es\/politico-de-finlandia-caras-contragolpe-despues-anti-inmigracion-rant\/","og_site_name":"Davis &amp; Associates","article_publisher":"https:\/\/www.facebook.com\/GLDavisandAssociates\/","article_published_time":"2015-08-10T07:10:41+00:00","article_modified_time":"2017-11-06T20:41:39+00:00","og_image":[{"width":618,"height":360,"url":"https:\/\/gldlaw.com\/wp-content\/uploads\/2015\/08\/5310749.jpg","type":"image\/jpeg"}],"author":"Garry Davis","twitter_card":"summary_large_image","twitter_creator":"@GLD_Law","twitter_site":"@GLD_Law","twitter_misc":{"Escrito por":"Garry Davis","Tiempo de lectura":"2 minutos"},"schema":{"@context":"https:\/\/schema.org","@graph":[{"@type":"Article","@id":"https:\/\/gldlaw.com\/es\/politico-de-finlandia-caras-contragolpe-despues-anti-inmigracion-rant\/#article","isPartOf":{"@id":"https:\/\/gldlaw.com\/es\/politico-de-finlandia-caras-contragolpe-despues-anti-inmigracion-rant\/"},"author":{"name":"Garry Davis","@id":"https:\/\/gldlaw.com\/es\/#\/schema\/person\/158555469405520c3bc5584e49d95882"},"headline":"Pol\u00edtico de Finlandia Caras contragolpe Despu\u00e9s anti-inmigraci\u00f3n Rant","datePublished":"2015-08-10T07:10:41+00:00","dateModified":"2017-11-06T20:41:39+00:00","mainEntityOfPage":{"@id":"https:\/\/gldlaw.com\/es\/politico-de-finlandia-caras-contragolpe-despues-anti-inmigracion-rant\/"},"wordCount":427,"image":{"@id":"https:\/\/gldlaw.com\/es\/politico-de-finlandia-caras-contragolpe-despues-anti-inmigracion-rant\/#primaryimage"},"thumbnailUrl":"https:\/\/gldlaw.com\/wp-content\/uploads\/2015\/08\/5310749.jpg","articleSection":["\u00daltimas Noticias"],"inLanguage":"es"},{"@type":"WebPage","@id":"https:\/\/gldlaw.com\/es\/politico-de-finlandia-caras-contragolpe-despues-anti-inmigracion-rant\/","url":"https:\/\/gldlaw.com\/es\/politico-de-finlandia-caras-contragolpe-despues-anti-inmigracion-rant\/","name":"Abogado de Inmigraci\u00f3n de Dallas | Davis & Associates","isPartOf":{"@id":"https:\/\/gldlaw.com\/es\/#website"},"primaryImageOfPage":{"@id":"https:\/\/gldlaw.com\/es\/politico-de-finlandia-caras-contragolpe-despues-anti-inmigracion-rant\/#primaryimage"},"image":{"@id":"https:\/\/gldlaw.com\/es\/politico-de-finlandia-caras-contragolpe-despues-anti-inmigracion-rant\/#primaryimage"},"thumbnailUrl":"https:\/\/gldlaw.com\/wp-content\/uploads\/2015\/08\/5310749.jpg","datePublished":"2015-08-10T07:10:41+00:00","dateModified":"2017-11-06T20:41:39+00:00","author":{"@id":"https:\/\/gldlaw.com\/es\/#\/schema\/person\/158555469405520c3bc5584e49d95882"},"description":"La redada antimigratoria en Facebook enfurece a los legisladores de los pol\u00edticos finlandeses y desencadena una manifestaci\u00f3n de protesta.","breadcrumb":{"@id":"https:\/\/gldlaw.com\/es\/politico-de-finlandia-caras-contragolpe-despues-anti-inmigracion-rant\/#breadcrumb"},"inLanguage":"es","potentialAction":[{"@type":"ReadAction","target":["https:\/\/gldlaw.com\/es\/politico-de-finlandia-caras-contragolpe-despues-anti-inmigracion-rant\/"]}]},{"@type":"ImageObject","inLanguage":"es","@id":"https:\/\/gldlaw.com\/es\/politico-de-finlandia-caras-contragolpe-despues-anti-inmigracion-rant\/#primaryimage","url":"https:\/\/gldlaw.com\/wp-content\/uploads\/2015\/08\/5310749.jpg","contentUrl":"https:\/\/gldlaw.com\/wp-content\/uploads\/2015\/08\/5310749.jpg","width":618,"height":360,"caption":"5310749"},{"@type":"BreadcrumbList","@id":"https:\/\/gldlaw.com\/es\/politico-de-finlandia-caras-contragolpe-despues-anti-inmigracion-rant\/#breadcrumb","itemListElement":[{"@type":"ListItem","position":1,"name":"Home","item":"https:\/\/gldlaw.com\/es\/"},{"@type":"ListItem","position":2,"name":"Pol\u00edtico de Finlandia Caras contragolpe Despu\u00e9s anti-inmigraci\u00f3n Rant"}]},{"@type":"WebSite","@id":"https:\/\/gldlaw.com\/es\/#website","url":"https:\/\/gldlaw.com\/es\/","name":"Davis &amp; Associates","description":"Dallas \/ Fort Worth Immigration Attorney","potentialAction":[{"@type":"SearchAction","target":{"@type":"EntryPoint","urlTemplate":"https:\/\/gldlaw.com\/es\/?s={search_term_string}"},"query-input":{"@type":"PropertyValueSpecification","valueRequired":true,"valueName":"search_term_string"}}],"inLanguage":"es"},{"@type":"Person","@id":"https:\/\/gldlaw.com\/es\/#\/schema\/person\/158555469405520c3bc5584e49d95882","name":"Garry Davis"}]}},"_links":{"self":[{"href":"https:\/\/gldlaw.com\/es\/wp-json\/wp\/v2\/posts\/3318","targetHints":{"allow":["GET"]}}],"collection":[{"href":"https:\/\/gldlaw.com\/es\/wp-json\/wp\/v2\/posts"}],"about":[{"href":"https:\/\/gldlaw.com\/es\/wp-json\/wp\/v2\/types\/post"}],"author":[{"embeddable":true,"href":"https:\/\/gldlaw.com\/es\/wp-json\/wp\/v2\/users\/18"}],"replies":[{"embeddable":true,"href":"https:\/\/gldlaw.com\/es\/wp-json\/wp\/v2\/comments?post=3318"}],"version-history":[{"count":0,"href":"https:\/\/gldlaw.com\/es\/wp-json\/wp\/v2\/posts\/3318\/revisions"}],"wp:featuredmedia":[{"embeddable":true,"href":"https:\/\/gldlaw.com\/es\/wp-json\/wp\/v2\/media\/3195"}],"wp:attachment":[{"href":"https:\/\/gldlaw.com\/es\/wp-json\/wp\/v2\/media?parent=3318"}],"wp:term":[{"taxonomy":"category","embeddable":true,"href":"https:\/\/gldlaw.com\/es\/wp-json\/wp\/v2\/categories?post=3318"},{"taxonomy":"post_tag","embeddable":true,"href":"https:\/\/gldlaw.com\/es\/wp-json\/wp\/v2\/tags?post=3318"}],"curies":[{"name":"wp","href":"https:\/\/api.w.org\/{rel}","templated":true}]}}