{"id":4029,"date":"2017-02-13T20:15:21","date_gmt":"2017-02-13T20:15:21","guid":{"rendered":"https:\/\/gldlaw.com\/nbc-5-immigration-attorney-dallas-tx-interview\/"},"modified":"2017-04-04T22:13:08","modified_gmt":"2017-04-04T22:13:08","slug":"nbc-5-abogado-de-inmigracion-dallas-tx-entrevista","status":"publish","type":"post","link":"https:\/\/gldlaw.com\/es\/nbc-5-abogado-de-inmigracion-dallas-tx-entrevista\/","title":{"rendered":"NBC 5 Dallas pregunta, Garry Davis, abogado de inmigraci\u00f3n en Dallas, TX para tratar los problemas de inmigraci\u00f3n de los EE.UU."},"content":{"rendered":"<p>Con la elecci\u00f3n de Donald Trump uno de los temas m\u00e1s candentes de discusi\u00f3n ha sido su promesa de una represi\u00f3n de la inmigraci\u00f3n y la deportaci\u00f3n masiva, llamando a la inmigraci\u00f3n &#8220;uno de los mayores desaf\u00edos que enfrenta nuestro pa\u00eds&#8221;.<\/p>\n<p>Recientemente, para ayudar a la comunidad del norte de Texas a entender mejor lo que podr\u00eda ser una presidencia de Donald Trump para nuestros inmigrantes indocumentados, NBC 5 solicit\u00f3 una entrevista con Garry Davis, un abogado de inmigraci\u00f3n local en Dallas TX.<\/p>\n<p>En la entrevista en vivo, <a href=\"https:\/\/www.nbcdfw.com\/news\/politics\/Immigration-Attorney-Discusses-What-to-Expect-During-Trump-Presidency_Dallas-Fort-Worth-401178065.html?utm_medium=email&amp;sslid=s7AwMzYzMjCwNDMCAA&amp;sseid=MzQ1MrY0NzY0MgIA&amp;jobid=fee17d61-f8d4-41a1-b362-39a750ab9aa0\" target=\"_blank\">que puede encontrarse en el sitio web de NBC 5<\/a>, Garry responde a las siguientes preguntas: NBC pregunta a Garry Davis Abogado de Inmigraci\u00f3n de Dallas de Davis &amp; Asociados<img loading=\"lazy\" decoding=\"async\" class=\"alignright wp-image-4023\" title=\"NBC pregunta a Garry Davis Abogado de Inmigraci\u00f3n de Dallas Davis and Associates\" src=\"https:\/\/gldlaw.com\/wp-content\/uploads\/2017\/02\/NBC-Ask-Garry-Dallas-Immigration-Attorney-Davis-and-Associates-300x300.png\" alt=\"NBC pregunta a Garry Davis Abogado de Inmigraci\u00f3n de Dallas Davis and Associates\" width=\"250\" height=\"250\" srcset=\"https:\/\/gldlaw.com\/wp-content\/uploads\/2017\/02\/NBC-Ask-Garry-Dallas-Immigration-Attorney-Davis-and-Associates-300x300.png 300w, https:\/\/gldlaw.com\/wp-content\/uploads\/2017\/02\/NBC-Ask-Garry-Dallas-Immigration-Attorney-Davis-and-Associates-150x150.png 150w, https:\/\/gldlaw.com\/wp-content\/uploads\/2017\/02\/NBC-Ask-Garry-Dallas-Immigration-Attorney-Davis-and-Associates-768x768.png 768w, https:\/\/gldlaw.com\/wp-content\/uploads\/2017\/02\/NBC-Ask-Garry-Dallas-Immigration-Attorney-Davis-and-Associates.png 800w\" sizes=\"auto, (max-width: 250px) 100vw, 250px\" \/><\/p>\n<ul>\n<li>Desde que Trump fue elegido presidente, \u00bfQu\u00e9 ha visto aqu\u00ed en su oficina en Dallas \/ Ft.? \u00bfValor?<\/li>\n<li>\u00bfQu\u00e9 le preguntan espec\u00edficamente?<\/li>\n<li>Cuando la gente llama y tiene preguntas sobre inmigraci\u00f3n, \u00bfQu\u00e9 tiene que decirles?<\/li>\n<li>\u00bfHay preocupaciones entre lo que Obama ten\u00eda en su lugar y lo que Trump est\u00e1 trayendo a la mesa, espec\u00edficamente con respecto, por ejemplo, a los &#8220;so\u00f1adores&#8221;, \u00bfPuede explicar a la gente lo que es esto y representa a alguien en esa categor\u00eda?<\/li>\n<\/ul>\n<p>Garry revela que <a href=\"https:\/\/gldlaw.com\/es\/\">Davis &amp; Asociados<\/a> ha visto un aumento de casi el 50% en llamadas telef\u00f3nicas y correos electr\u00f3nicos relacionados con la deportaci\u00f3n, dejando a los abogados de inmigraci\u00f3n en Dallas TX luchando por hacer lo mejor para mantener al p\u00fablico a gusto, informado y preparado para la implementaci\u00f3n de duras pol\u00edticas de inmigraci\u00f3n mantenido por nuestro gobierno y la aplicaci\u00f3n de la ley.<\/p>\n<p>Se toma el tiempo para asegurar a los oyentes que, aunque hay &#8220;definitivamente causa de preocupaci\u00f3n con algunas de las promesas de campa\u00f1a que ha hecho las leyes no va a cambiar mucho bajo una presidencia de Donald Trump, s\u00f3lo la pol\u00edtica.<\/p>\n<p>El consejo que Garry est\u00e1 dando m\u00e1s es ser paciente, monitorear de cerca las transiciones que tienen lugar y tener expectativas de que los legisladores estadounidenses tomar\u00e1n decisiones de calidad con respecto a la ley de inmigraci\u00f3n en 2017. Si usted se encuentra con preguntas sobre la ley de inmigraci\u00f3n o contacto con la inmigraci\u00f3n, <a href=\"https:\/\/gldlaw.com\/es\/contacto\/\">Davis &amp; Asociados Oficina de Inmigraci\u00f3n<\/a> hoy para una consulta gratuita.<\/p>\n","protected":false},"excerpt":{"rendered":"<p>Con la elecci\u00f3n de Donald Trump uno de los temas m\u00e1s candentes de discusi\u00f3n ha sido su promesa de una represi\u00f3n de la inmigraci\u00f3n y la deportaci\u00f3n masiva, llamando a la inmigraci\u00f3n &#8220;uno de los mayores desaf\u00edos que enfrenta nuestro pa\u00eds&#8221;. Recientemente, para ayudar a la comunidad del norte de Texas a entender mejor lo&hellip;<\/p>\n","protected":false},"author":18,"featured_media":10981,"comment_status":"closed","ping_status":"closed","sticky":false,"template":"","format":"standard","meta":{"_monsterinsights_skip_tracking":false,"_monsterinsights_sitenote_active":false,"_monsterinsights_sitenote_note":"","_monsterinsights_sitenote_category":0,"footnotes":""},"categories":[76],"tags":[],"class_list":["post-4029","post","type-post","status-publish","format-standard","has-post-thumbnail","hentry","category-ultimas-noticias"],"yoast_head":"<!-- This site is optimized with the Yoast SEO plugin v27.5 - https:\/\/yoast.com\/product\/yoast-seo-wordpress\/ -->\n<title>Garry L. Davis entrevistado en NBC 5 | Dallas TX | Davis y Asociados<\/title>\n<meta name=\"description\" content=\"NBC 5 entrevist\u00f3 a Garry Davis, un abogado local de inmigraci\u00f3n en Dallas Tx. Para tratar los problemas de inmigraci\u00f3n bajo el presidente Donald Trump.\" \/>\n<meta name=\"robots\" content=\"index, follow, max-snippet:-1, max-image-preview:large, max-video-preview:-1\" \/>\n<link rel=\"canonical\" href=\"https:\/\/gldlaw.com\/es\/nbc-5-abogado-de-inmigracion-dallas-tx-entrevista\/\" \/>\n<meta property=\"og:locale\" content=\"es_MX\" \/>\n<meta property=\"og:type\" content=\"article\" \/>\n<meta property=\"og:title\" content=\"Garry L. Davis entrevistado en NBC 5 | Dallas TX | Davis y Asociados\" \/>\n<meta property=\"og:description\" content=\"NBC 5 entrevist\u00f3 a Garry Davis, un abogado local de inmigraci\u00f3n en Dallas Tx. Para tratar los problemas de inmigraci\u00f3n bajo el presidente Donald Trump.\" \/>\n<meta property=\"og:url\" content=\"https:\/\/gldlaw.com\/es\/nbc-5-abogado-de-inmigracion-dallas-tx-entrevista\/\" \/>\n<meta property=\"og:site_name\" content=\"Davis &amp; Associates\" \/>\n<meta property=\"article:publisher\" content=\"https:\/\/www.facebook.com\/GLDavisandAssociates\/\" \/>\n<meta property=\"article:published_time\" content=\"2017-02-13T20:15:21+00:00\" \/>\n<meta property=\"article:modified_time\" content=\"2017-04-04T22:13:08+00:00\" \/>\n<meta property=\"og:image\" content=\"https:\/\/gldlaw.com\/wp-content\/uploads\/2017\/02\/Ask-Garry-Dallas-Immigration-Attorney-Davis-and-Associates.png\" \/>\n\t<meta property=\"og:image:width\" content=\"560\" \/>\n\t<meta property=\"og:image:height\" content=\"315\" \/>\n\t<meta property=\"og:image:type\" content=\"image\/png\" \/>\n<meta name=\"author\" content=\"Garry Davis\" \/>\n<meta name=\"twitter:card\" content=\"summary_large_image\" \/>\n<meta name=\"twitter:creator\" content=\"@GLD_Law\" \/>\n<meta name=\"twitter:site\" content=\"@GLD_Law\" \/>\n<meta name=\"twitter:label1\" content=\"Escrito por\" \/>\n\t<meta name=\"twitter:data1\" content=\"Garry Davis\" \/>\n\t<meta name=\"twitter:label2\" content=\"Tiempo de lectura\" \/>\n\t<meta name=\"twitter:data2\" content=\"2 minutos\" \/>\n<script type=\"application\/ld+json\" class=\"yoast-schema-graph\">{\"@context\":\"https:\\\/\\\/schema.org\",\"@graph\":[{\"@type\":\"Article\",\"@id\":\"https:\\\/\\\/gldlaw.com\\\/es\\\/nbc-5-abogado-de-inmigracion-dallas-tx-entrevista\\\/#article\",\"isPartOf\":{\"@id\":\"https:\\\/\\\/gldlaw.com\\\/es\\\/nbc-5-abogado-de-inmigracion-dallas-tx-entrevista\\\/\"},\"author\":{\"name\":\"Garry Davis\",\"@id\":\"https:\\\/\\\/gldlaw.com\\\/es\\\/#\\\/schema\\\/person\\\/158555469405520c3bc5584e49d95882\"},\"headline\":\"NBC 5 Dallas pregunta, Garry Davis, abogado de inmigraci\u00f3n en Dallas, TX para tratar los problemas de inmigraci\u00f3n de los EE.UU.\",\"datePublished\":\"2017-02-13T20:15:21+00:00\",\"dateModified\":\"2017-04-04T22:13:08+00:00\",\"mainEntityOfPage\":{\"@id\":\"https:\\\/\\\/gldlaw.com\\\/es\\\/nbc-5-abogado-de-inmigracion-dallas-tx-entrevista\\\/\"},\"wordCount\":424,\"image\":{\"@id\":\"https:\\\/\\\/gldlaw.com\\\/es\\\/nbc-5-abogado-de-inmigracion-dallas-tx-entrevista\\\/#primaryimage\"},\"thumbnailUrl\":\"https:\\\/\\\/gldlaw.com\\\/wp-content\\\/uploads\\\/2017\\\/02\\\/Ask-Garry-Dallas-Immigration-Attorney-Davis-and-Associates.png\",\"articleSection\":[\"\u00daltimas Noticias\"],\"inLanguage\":\"es\"},{\"@type\":\"WebPage\",\"@id\":\"https:\\\/\\\/gldlaw.com\\\/es\\\/nbc-5-abogado-de-inmigracion-dallas-tx-entrevista\\\/\",\"url\":\"https:\\\/\\\/gldlaw.com\\\/es\\\/nbc-5-abogado-de-inmigracion-dallas-tx-entrevista\\\/\",\"name\":\"Garry L. Davis entrevistado en NBC 5 | Dallas TX | Davis y Asociados\",\"isPartOf\":{\"@id\":\"https:\\\/\\\/gldlaw.com\\\/es\\\/#website\"},\"primaryImageOfPage\":{\"@id\":\"https:\\\/\\\/gldlaw.com\\\/es\\\/nbc-5-abogado-de-inmigracion-dallas-tx-entrevista\\\/#primaryimage\"},\"image\":{\"@id\":\"https:\\\/\\\/gldlaw.com\\\/es\\\/nbc-5-abogado-de-inmigracion-dallas-tx-entrevista\\\/#primaryimage\"},\"thumbnailUrl\":\"https:\\\/\\\/gldlaw.com\\\/wp-content\\\/uploads\\\/2017\\\/02\\\/Ask-Garry-Dallas-Immigration-Attorney-Davis-and-Associates.png\",\"datePublished\":\"2017-02-13T20:15:21+00:00\",\"dateModified\":\"2017-04-04T22:13:08+00:00\",\"author\":{\"@id\":\"https:\\\/\\\/gldlaw.com\\\/es\\\/#\\\/schema\\\/person\\\/158555469405520c3bc5584e49d95882\"},\"description\":\"NBC 5 entrevist\u00f3 a Garry Davis, un abogado local de inmigraci\u00f3n en Dallas Tx. Para tratar los problemas de inmigraci\u00f3n bajo el presidente Donald Trump.\",\"breadcrumb\":{\"@id\":\"https:\\\/\\\/gldlaw.com\\\/es\\\/nbc-5-abogado-de-inmigracion-dallas-tx-entrevista\\\/#breadcrumb\"},\"inLanguage\":\"es\",\"potentialAction\":[{\"@type\":\"ReadAction\",\"target\":[\"https:\\\/\\\/gldlaw.com\\\/es\\\/nbc-5-abogado-de-inmigracion-dallas-tx-entrevista\\\/\"]}]},{\"@type\":\"ImageObject\",\"inLanguage\":\"es\",\"@id\":\"https:\\\/\\\/gldlaw.com\\\/es\\\/nbc-5-abogado-de-inmigracion-dallas-tx-entrevista\\\/#primaryimage\",\"url\":\"https:\\\/\\\/gldlaw.com\\\/wp-content\\\/uploads\\\/2017\\\/02\\\/Ask-Garry-Dallas-Immigration-Attorney-Davis-and-Associates.png\",\"contentUrl\":\"https:\\\/\\\/gldlaw.com\\\/wp-content\\\/uploads\\\/2017\\\/02\\\/Ask-Garry-Dallas-Immigration-Attorney-Davis-and-Associates.png\",\"width\":560,\"height\":315},{\"@type\":\"BreadcrumbList\",\"@id\":\"https:\\\/\\\/gldlaw.com\\\/es\\\/nbc-5-abogado-de-inmigracion-dallas-tx-entrevista\\\/#breadcrumb\",\"itemListElement\":[{\"@type\":\"ListItem\",\"position\":1,\"name\":\"Home\",\"item\":\"https:\\\/\\\/gldlaw.com\\\/es\\\/\"},{\"@type\":\"ListItem\",\"position\":2,\"name\":\"NBC 5 Dallas pregunta, Garry Davis, abogado de inmigraci\u00f3n en Dallas, TX para tratar los problemas de inmigraci\u00f3n de los EE.UU.\"}]},{\"@type\":\"WebSite\",\"@id\":\"https:\\\/\\\/gldlaw.com\\\/es\\\/#website\",\"url\":\"https:\\\/\\\/gldlaw.com\\\/es\\\/\",\"name\":\"Davis &amp; Associates\",\"description\":\"Dallas \\\/ Fort Worth Immigration Attorney\",\"potentialAction\":[{\"@type\":\"SearchAction\",\"target\":{\"@type\":\"EntryPoint\",\"urlTemplate\":\"https:\\\/\\\/gldlaw.com\\\/es\\\/?s={search_term_string}\"},\"query-input\":{\"@type\":\"PropertyValueSpecification\",\"valueRequired\":true,\"valueName\":\"search_term_string\"}}],\"inLanguage\":\"es\"},{\"@type\":\"Person\",\"@id\":\"https:\\\/\\\/gldlaw.com\\\/es\\\/#\\\/schema\\\/person\\\/158555469405520c3bc5584e49d95882\",\"name\":\"Garry Davis\"}]}<\/script>\n<!-- \/ Yoast SEO plugin. -->","yoast_head_json":{"title":"Garry L. Davis entrevistado en NBC 5 | Dallas TX | Davis y Asociados","description":"NBC 5 entrevist\u00f3 a Garry Davis, un abogado local de inmigraci\u00f3n en Dallas Tx. Para tratar los problemas de inmigraci\u00f3n bajo el presidente Donald Trump.","robots":{"index":"index","follow":"follow","max-snippet":"max-snippet:-1","max-image-preview":"max-image-preview:large","max-video-preview":"max-video-preview:-1"},"canonical":"https:\/\/gldlaw.com\/es\/nbc-5-abogado-de-inmigracion-dallas-tx-entrevista\/","og_locale":"es_MX","og_type":"article","og_title":"Garry L. Davis entrevistado en NBC 5 | Dallas TX | Davis y Asociados","og_description":"NBC 5 entrevist\u00f3 a Garry Davis, un abogado local de inmigraci\u00f3n en Dallas Tx. Para tratar los problemas de inmigraci\u00f3n bajo el presidente Donald Trump.","og_url":"https:\/\/gldlaw.com\/es\/nbc-5-abogado-de-inmigracion-dallas-tx-entrevista\/","og_site_name":"Davis &amp; Associates","article_publisher":"https:\/\/www.facebook.com\/GLDavisandAssociates\/","article_published_time":"2017-02-13T20:15:21+00:00","article_modified_time":"2017-04-04T22:13:08+00:00","og_image":[{"width":560,"height":315,"url":"https:\/\/gldlaw.com\/wp-content\/uploads\/2017\/02\/Ask-Garry-Dallas-Immigration-Attorney-Davis-and-Associates.png","type":"image\/png"}],"author":"Garry Davis","twitter_card":"summary_large_image","twitter_creator":"@GLD_Law","twitter_site":"@GLD_Law","twitter_misc":{"Escrito por":"Garry Davis","Tiempo de lectura":"2 minutos"},"schema":{"@context":"https:\/\/schema.org","@graph":[{"@type":"Article","@id":"https:\/\/gldlaw.com\/es\/nbc-5-abogado-de-inmigracion-dallas-tx-entrevista\/#article","isPartOf":{"@id":"https:\/\/gldlaw.com\/es\/nbc-5-abogado-de-inmigracion-dallas-tx-entrevista\/"},"author":{"name":"Garry Davis","@id":"https:\/\/gldlaw.com\/es\/#\/schema\/person\/158555469405520c3bc5584e49d95882"},"headline":"NBC 5 Dallas pregunta, Garry Davis, abogado de inmigraci\u00f3n en Dallas, TX para tratar los problemas de inmigraci\u00f3n de los EE.UU.","datePublished":"2017-02-13T20:15:21+00:00","dateModified":"2017-04-04T22:13:08+00:00","mainEntityOfPage":{"@id":"https:\/\/gldlaw.com\/es\/nbc-5-abogado-de-inmigracion-dallas-tx-entrevista\/"},"wordCount":424,"image":{"@id":"https:\/\/gldlaw.com\/es\/nbc-5-abogado-de-inmigracion-dallas-tx-entrevista\/#primaryimage"},"thumbnailUrl":"https:\/\/gldlaw.com\/wp-content\/uploads\/2017\/02\/Ask-Garry-Dallas-Immigration-Attorney-Davis-and-Associates.png","articleSection":["\u00daltimas Noticias"],"inLanguage":"es"},{"@type":"WebPage","@id":"https:\/\/gldlaw.com\/es\/nbc-5-abogado-de-inmigracion-dallas-tx-entrevista\/","url":"https:\/\/gldlaw.com\/es\/nbc-5-abogado-de-inmigracion-dallas-tx-entrevista\/","name":"Garry L. Davis entrevistado en NBC 5 | Dallas TX | Davis y Asociados","isPartOf":{"@id":"https:\/\/gldlaw.com\/es\/#website"},"primaryImageOfPage":{"@id":"https:\/\/gldlaw.com\/es\/nbc-5-abogado-de-inmigracion-dallas-tx-entrevista\/#primaryimage"},"image":{"@id":"https:\/\/gldlaw.com\/es\/nbc-5-abogado-de-inmigracion-dallas-tx-entrevista\/#primaryimage"},"thumbnailUrl":"https:\/\/gldlaw.com\/wp-content\/uploads\/2017\/02\/Ask-Garry-Dallas-Immigration-Attorney-Davis-and-Associates.png","datePublished":"2017-02-13T20:15:21+00:00","dateModified":"2017-04-04T22:13:08+00:00","author":{"@id":"https:\/\/gldlaw.com\/es\/#\/schema\/person\/158555469405520c3bc5584e49d95882"},"description":"NBC 5 entrevist\u00f3 a Garry Davis, un abogado local de inmigraci\u00f3n en Dallas Tx. Para tratar los problemas de inmigraci\u00f3n bajo el presidente Donald Trump.","breadcrumb":{"@id":"https:\/\/gldlaw.com\/es\/nbc-5-abogado-de-inmigracion-dallas-tx-entrevista\/#breadcrumb"},"inLanguage":"es","potentialAction":[{"@type":"ReadAction","target":["https:\/\/gldlaw.com\/es\/nbc-5-abogado-de-inmigracion-dallas-tx-entrevista\/"]}]},{"@type":"ImageObject","inLanguage":"es","@id":"https:\/\/gldlaw.com\/es\/nbc-5-abogado-de-inmigracion-dallas-tx-entrevista\/#primaryimage","url":"https:\/\/gldlaw.com\/wp-content\/uploads\/2017\/02\/Ask-Garry-Dallas-Immigration-Attorney-Davis-and-Associates.png","contentUrl":"https:\/\/gldlaw.com\/wp-content\/uploads\/2017\/02\/Ask-Garry-Dallas-Immigration-Attorney-Davis-and-Associates.png","width":560,"height":315},{"@type":"BreadcrumbList","@id":"https:\/\/gldlaw.com\/es\/nbc-5-abogado-de-inmigracion-dallas-tx-entrevista\/#breadcrumb","itemListElement":[{"@type":"ListItem","position":1,"name":"Home","item":"https:\/\/gldlaw.com\/es\/"},{"@type":"ListItem","position":2,"name":"NBC 5 Dallas pregunta, Garry Davis, abogado de inmigraci\u00f3n en Dallas, TX para tratar los problemas de inmigraci\u00f3n de los EE.UU."}]},{"@type":"WebSite","@id":"https:\/\/gldlaw.com\/es\/#website","url":"https:\/\/gldlaw.com\/es\/","name":"Davis &amp; Associates","description":"Dallas \/ Fort Worth Immigration Attorney","potentialAction":[{"@type":"SearchAction","target":{"@type":"EntryPoint","urlTemplate":"https:\/\/gldlaw.com\/es\/?s={search_term_string}"},"query-input":{"@type":"PropertyValueSpecification","valueRequired":true,"valueName":"search_term_string"}}],"inLanguage":"es"},{"@type":"Person","@id":"https:\/\/gldlaw.com\/es\/#\/schema\/person\/158555469405520c3bc5584e49d95882","name":"Garry Davis"}]}},"_links":{"self":[{"href":"https:\/\/gldlaw.com\/es\/wp-json\/wp\/v2\/posts\/4029","targetHints":{"allow":["GET"]}}],"collection":[{"href":"https:\/\/gldlaw.com\/es\/wp-json\/wp\/v2\/posts"}],"about":[{"href":"https:\/\/gldlaw.com\/es\/wp-json\/wp\/v2\/types\/post"}],"author":[{"embeddable":true,"href":"https:\/\/gldlaw.com\/es\/wp-json\/wp\/v2\/users\/18"}],"replies":[{"embeddable":true,"href":"https:\/\/gldlaw.com\/es\/wp-json\/wp\/v2\/comments?post=4029"}],"version-history":[{"count":0,"href":"https:\/\/gldlaw.com\/es\/wp-json\/wp\/v2\/posts\/4029\/revisions"}],"wp:featuredmedia":[{"embeddable":true,"href":"https:\/\/gldlaw.com\/es\/wp-json\/wp\/v2\/media\/10981"}],"wp:attachment":[{"href":"https:\/\/gldlaw.com\/es\/wp-json\/wp\/v2\/media?parent=4029"}],"wp:term":[{"taxonomy":"category","embeddable":true,"href":"https:\/\/gldlaw.com\/es\/wp-json\/wp\/v2\/categories?post=4029"},{"taxonomy":"post_tag","embeddable":true,"href":"https:\/\/gldlaw.com\/es\/wp-json\/wp\/v2\/tags?post=4029"}],"curies":[{"name":"wp","href":"https:\/\/api.w.org\/{rel}","templated":true}]}}