{"id":4722,"date":"2018-03-04T15:54:06","date_gmt":"2018-03-04T15:54:06","guid":{"rendered":"https:\/\/gldlaw.com\/?p=4722\/"},"modified":"2019-11-18T20:00:21","modified_gmt":"2019-11-18T20:00:21","slug":"preguntele-a-garry-insight-en-la-politica-de-inmigracion-del-presidente-trump-editar-seccion","status":"publish","type":"post","link":"https:\/\/gldlaw.com\/es\/preguntele-a-garry-insight-en-la-politica-de-inmigracion-del-presidente-trump-editar-seccion\/","title":{"rendered":"Preg\u00fantele a Garry: Insight en la pol\u00edtica de inmigraci\u00f3n del presidente Trump Editar secci\u00f3n"},"content":{"rendered":"<h3><strong>Preg\u00fantele a Garry: Insight en la pol\u00edtica de inmigraci\u00f3n del presidente Trump Editar secci\u00f3n<\/strong><\/h3>\n<p>Recientemente, el abogado principal de Davis &amp; Asociados, Garry Davis, escribi\u00f3 un art\u00edculo para ser publicado por www.bestlawyers.com sobre la Pol\u00edtica de Inmigraci\u00f3n del presidente Trump. Lea una copia del art\u00edculo a continuaci\u00f3n:<\/p>\n<p><strong>Desde que asumi\u00f3 el cargo<\/strong>, el presidente Trump ha realizado cambios significativos en las leyes y pol\u00edticas de inmigraci\u00f3n en los Estados Unidos. Cabe destacar el final del programa de Acci\u00f3n diferida para las llegadas infantiles (DACA) y la prohibici\u00f3n de viajar para personas de ciertos pa\u00edses.<\/p>\n<p>Comenzaremos con el programa DACA. Seamos honestos: el presidente Obama instituy\u00f3 el programa por razones pol\u00edticas. Despu\u00e9s de establecer registros para las deportaciones desde su toma de posesi\u00f3n hasta junio de 2012, tuvo que hacer algo para recuperar los corazones de los votantes que fueron m\u00e1s afectados por su enfoque de aplicaci\u00f3n de la ley. Nadie esperaba la dura pol\u00edtica de inmigraci\u00f3n que vino del gobierno de Obama, y \u200b\u200bcorr\u00eda el riesgo de perder una gran cantidad de votos, especialmente de la comunidad latina. Ingrese al programa DACA.<\/p>\n<p>En junio de 2012, anunci\u00f3 el programa DACA y lo cre\u00f3 para que beneficiara a un grupo de personas que ser\u00edan menos objetables por los opositores pol\u00edticos. Para calificar, una persona ten\u00eda que venir a los EE. UU. Antes de los 16 a\u00f1os, deb\u00eda ser menor de 31 a\u00f1os, deb\u00eda estar en los EE. UU. Durante cinco a\u00f1os antes de la instituci\u00f3n del programa, debe haber estado sirviendo al ej\u00e9rcito de EE. UU., Estar inscrito en escuela, o un certificado de graduado de escuela secundaria \/ GED, y no ten\u00eda antecedentes penales significativos. La persona recibir\u00eda protecci\u00f3n de la deportaci\u00f3n y una autorizaci\u00f3n de trabajo por dos a\u00f1os, y era renovable.<\/p>\n<p>El programa benefici\u00f3 a unas 800,000 personas, lo que les permiti\u00f3 trabajar legalmente, promover sus objetivos de desarrollo personal y sentirse parte de un pa\u00eds en el que crecieron. Para muchos de ellos, este es el \u00fanico pa\u00eds que han conocido. . Fue un movimiento pol\u00edtico brillante y benefici\u00f3 a muchas personas buenas que estaban pagando el precio por la decisi\u00f3n de otra persona de traerlos aqu\u00ed cuando eran ni\u00f1os.<\/p>\n<p>El presidente Trump ha terminado el programa.<\/p>\n<p>La justificaci\u00f3n es que fue una extralimitaci\u00f3n de la autoridad ejecutiva por parte del presidente Obama y una amnist\u00eda ilegal. El problema con estas justificaciones es que ninguna de las dos es verdadera.<\/p>\n<p>El presidente siempre ha tenido -y contin\u00faa teniendo- la autoridad legal del Congreso para otorgar el estado de acci\u00f3n diferida a un inmigrante ilegal a su discreci\u00f3n. Todo lo que el presidente Obama hizo fue formalizar lo que siempre hab\u00eda sido un proceso informal de solicitud de acci\u00f3n diferida y limitarla a una clase de individuos que cumpl\u00edan con ciertos requisitos. Siempre hemos podido, y todav\u00eda podemos, solicitar acciones diferidas de las autoridades del Departamento de Seguridad Nacional.<\/p>\n<p>Y no fue una amnist\u00eda ya que hemos llegado a usar ese t\u00e9rmino en los EE.UU. &#8220;Amnist\u00eda&#8221; en el contexto de la ley de inmigraci\u00f3n de Estados Unidos implica el perd\u00f3n de las violaciones de inmigraci\u00f3n pasadas y el estado legal permanente. Amnist\u00eda es lo que sucedi\u00f3 bajo el presidente Reagan en la d\u00e9cada de 1980 que condujo a la legalizaci\u00f3n de cientos de miles de inmigrantes ilegales de un plumazo.<\/p>\n<p>DACA nunca fue eso. No ten\u00eda un camino hacia el estado legal permanente en los EE. UU.\u00a0<img loading=\"lazy\" decoding=\"async\" class=\"alignright size-medium wp-image-4723\" src=\"https:\/\/gldlaw.com\/wp-content\/uploads\/2018\/04\/Ask-Garry_-Insight-into-President-Trump\u2019s-Immigration-Policy-300x169.png\" alt=\"Preg\u00fantele a Garry: Visi\u00f3n de La Pol\u00edtica de Inmigraci\u00f3n del Presidente Trump\" width=\"300\" height=\"169\" srcset=\"https:\/\/gldlaw.com\/wp-content\/uploads\/2018\/04\/Ask-Garry_-Insight-into-President-Trump\u2019s-Immigration-Policy-300x169.png 300w, https:\/\/gldlaw.com\/wp-content\/uploads\/2018\/04\/Ask-Garry_-Insight-into-President-Trump\u2019s-Immigration-Policy.png 560w\" sizes=\"auto, (max-width: 300px) 100vw, 300px\" \/><\/p>\n<p>El presidente tambi\u00e9n ha declarado que al hacerlo obligar\u00e1 al Congreso a tomar medidas para abordar la situaci\u00f3n de quienes se beneficiaron del programa DACA y sus beneficios. Teniendo en cuenta el hecho de que todav\u00eda estamos trabajando con un estatuto de 1952 para administrar nuestra ley y pol\u00edtica de inmigraci\u00f3n, acepto que un cambio est\u00e1 atrasado. Tal vez este sea el impulso para ese cambio, sea lo que sea.<\/p>\n<p>El presidente tambi\u00e9n ha establecido una prohibici\u00f3n de viajar para personas de varios pa\u00edses en el Medio Oriente, especialmente Siria e Ir\u00e1n, as\u00ed como Corea del Norte y Venezuela. B\u00e1sicamente, la prohibici\u00f3n impide que muchas personas de esos pa\u00edses obtengan visas para ingresar a los EE. UU. La justificaci\u00f3n establecida es que el sistema actual no cuenta con procedimientos adecuados de revisi\u00f3n e investigaci\u00f3n para garantizar la seguridad de los estadounidenses. Esta declaraci\u00f3n es rid\u00edcula. Ya existe una investigaci\u00f3n de antecedentes de &#8220;investigaci\u00f3n exhaustiva&#8221; en cada solicitud de visa, que incluye una entrevista cara a cara y amplios permisos de seguridad.<\/p>\n<p>Cada uno de estos cambios indica un enfoque significativamente m\u00e1s restrictivo de lo que el pa\u00eds se acostumbr\u00f3 bajo el segundo mandato del presidente Obama. Veremos c\u00f3mo el presidente Trump planea manejar la potencial reacci\u00f3n pol\u00edtica cuando llega el momento de buscar la reelecci\u00f3n.<\/p>\n<h3>Sobre el Autor:<\/h3>\n<p>Garry Davis es el fundador de Davis &amp; Asociados, una pr\u00e1ctica exclusiva de la ley de inmigraci\u00f3n en Texas. Graduado de la Facultad de Derecho de la Universidad de Texas, est\u00e1 certificado en leyes de inmigraci\u00f3n y nacionalidad por la Junta de Especializaci\u00f3n Legal de Texas.<\/p>\n<p>Para ver el art\u00edculo en su totalidad, haga <a href=\"https:\/\/www.bestlawyers.com\/article\/insight-into-president-trump-s-immigration-policy\/1835\">clic aqu\u00ed<\/a>.<\/p>\n<h3><strong>Acerca De Davis &amp; Asociados:<\/strong><\/h3>\n<p>Davis &amp; Asociados es el bufete de abogados de inmigraci\u00f3n de elecci\u00f3n en el norte de Texas, incluyendo Dallas, Fort Worth, Plano, Frisco, McKinney y sus alrededores. Sus abogados proveen asesor\u00eda legal especializada para todos los aspectos de la ley de inmigraci\u00f3n, incluyendo <a href=\"https:\/\/gldlaw.com\/es\/inmigracion\/deportacion\/\">defensa de deportaci\u00f3n<\/a>, recursos de habeas corpus y mandamos, inmigraci\u00f3n patrocinada por la familia, inmigraci\u00f3n de inversi\u00f3n, cumplimiento de empleadores, visas temporales para trabajo y universidad, naturalizaci\u00f3n, procesamiento de visa consular, exenciones y apelaciones. El abogado Garry L. Davis est\u00e1 certificado por la Junta de Especializaci\u00f3n Legal de Texas en la Ley de Inmigraci\u00f3n y Nacionalidad.<\/p>\n<p>&nbsp;<\/p>\n<p>&nbsp;<\/p>\n","protected":false},"excerpt":{"rendered":"<p>Preg\u00fantele a Garry: Insight en la pol\u00edtica de inmigraci\u00f3n del presidente Trump Editar secci\u00f3n Recientemente, el abogado principal de Davis &amp; Asociados, Garry Davis, escribi\u00f3 un art\u00edculo para ser publicado por www.bestlawyers.com sobre la Pol\u00edtica de Inmigraci\u00f3n del presidente Trump. Lea una copia del art\u00edculo a continuaci\u00f3n: Desde que asumi\u00f3 el cargo, el presidente Trump&hellip;<\/p>\n","protected":false},"author":5,"featured_media":4725,"comment_status":"closed","ping_status":"closed","sticky":false,"template":"","format":"standard","meta":{"_monsterinsights_skip_tracking":false,"_monsterinsights_sitenote_active":false,"_monsterinsights_sitenote_note":"","_monsterinsights_sitenote_category":0,"footnotes":""},"categories":[78,288],"tags":[97],"class_list":["post-4722","post","type-post","status-publish","format-standard","has-post-thumbnail","hentry","category-immigration-law-es","category-reforma-inmigratoria","tag-immigration-law-es"],"yoast_head":"<!-- This site is optimized with the Yoast SEO plugin v27.5 - https:\/\/yoast.com\/product\/yoast-seo-wordpress\/ -->\n<title>Insight en la pol\u00edtica de inmigraci\u00f3n del presidente Trump Editar secci\u00f3n<\/title>\n<meta name=\"description\" content=\"Recientemente, el abogado principal de Davis &amp; Asociados, Garry Davis, escribi\u00f3 un art\u00edculo para ser publicado por www.bestlawyers.com sobre la...\" \/>\n<meta name=\"robots\" content=\"index, follow, max-snippet:-1, max-image-preview:large, max-video-preview:-1\" \/>\n<link rel=\"canonical\" href=\"https:\/\/gldlaw.com\/es\/preguntele-a-garry-insight-en-la-politica-de-inmigracion-del-presidente-trump-editar-seccion\/\" \/>\n<meta property=\"og:locale\" content=\"es_MX\" \/>\n<meta property=\"og:type\" content=\"article\" \/>\n<meta property=\"og:title\" content=\"Insight en la pol\u00edtica de inmigraci\u00f3n del presidente Trump Editar secci\u00f3n\" \/>\n<meta property=\"og:description\" content=\"Recientemente, el abogado principal de Davis &amp; Asociados, Garry Davis, escribi\u00f3 un art\u00edculo para ser publicado por www.bestlawyers.com sobre la...\" \/>\n<meta property=\"og:url\" content=\"https:\/\/gldlaw.com\/es\/preguntele-a-garry-insight-en-la-politica-de-inmigracion-del-presidente-trump-editar-seccion\/\" \/>\n<meta property=\"og:site_name\" content=\"Davis &amp; Associates\" \/>\n<meta property=\"article:publisher\" content=\"https:\/\/www.facebook.com\/GLDavisandAssociates\/\" \/>\n<meta property=\"article:published_time\" content=\"2018-03-04T15:54:06+00:00\" \/>\n<meta property=\"article:modified_time\" content=\"2019-11-18T20:00:21+00:00\" \/>\n<meta property=\"og:image\" content=\"https:\/\/gldlaw.com\/wp-content\/uploads\/2018\/04\/AskGarry-3.png\" \/>\n\t<meta property=\"og:image:width\" content=\"560\" \/>\n\t<meta property=\"og:image:height\" content=\"315\" \/>\n\t<meta property=\"og:image:type\" content=\"image\/png\" \/>\n<meta name=\"author\" content=\"Davis &amp; Associates\" \/>\n<meta name=\"twitter:card\" content=\"summary_large_image\" \/>\n<meta name=\"twitter:creator\" content=\"@GLD_Law\" \/>\n<meta name=\"twitter:site\" content=\"@GLD_Law\" \/>\n<meta name=\"twitter:label1\" content=\"Escrito por\" \/>\n\t<meta name=\"twitter:data1\" content=\"Davis &amp; Associates\" \/>\n\t<meta name=\"twitter:label2\" content=\"Tiempo de lectura\" \/>\n\t<meta name=\"twitter:data2\" content=\"5 minutos\" \/>\n<script type=\"application\/ld+json\" class=\"yoast-schema-graph\">{\"@context\":\"https:\\\/\\\/schema.org\",\"@graph\":[{\"@type\":\"Article\",\"@id\":\"https:\\\/\\\/gldlaw.com\\\/es\\\/preguntele-a-garry-insight-en-la-politica-de-inmigracion-del-presidente-trump-editar-seccion\\\/#article\",\"isPartOf\":{\"@id\":\"https:\\\/\\\/gldlaw.com\\\/es\\\/preguntele-a-garry-insight-en-la-politica-de-inmigracion-del-presidente-trump-editar-seccion\\\/\"},\"author\":{\"name\":\"Davis &amp; Associates\",\"@id\":\"https:\\\/\\\/gldlaw.com\\\/es\\\/#\\\/schema\\\/person\\\/70995f4ab0bc2b4f3d1c5c65092d6ea6\"},\"headline\":\"Preg\u00fantele a Garry: Insight en la pol\u00edtica de inmigraci\u00f3n del presidente Trump Editar secci\u00f3n\",\"datePublished\":\"2018-03-04T15:54:06+00:00\",\"dateModified\":\"2019-11-18T20:00:21+00:00\",\"mainEntityOfPage\":{\"@id\":\"https:\\\/\\\/gldlaw.com\\\/es\\\/preguntele-a-garry-insight-en-la-politica-de-inmigracion-del-presidente-trump-editar-seccion\\\/\"},\"wordCount\":1065,\"image\":{\"@id\":\"https:\\\/\\\/gldlaw.com\\\/es\\\/preguntele-a-garry-insight-en-la-politica-de-inmigracion-del-presidente-trump-editar-seccion\\\/#primaryimage\"},\"thumbnailUrl\":\"https:\\\/\\\/gldlaw.com\\\/wp-content\\\/uploads\\\/2018\\\/04\\\/AskGarry-3.png\",\"keywords\":[\"Ley de Inmigraci\u00f3n\"],\"articleSection\":[\"Ley de inmigraci\u00f3n\",\"Reforma inmigratoria\"],\"inLanguage\":\"es\"},{\"@type\":\"WebPage\",\"@id\":\"https:\\\/\\\/gldlaw.com\\\/es\\\/preguntele-a-garry-insight-en-la-politica-de-inmigracion-del-presidente-trump-editar-seccion\\\/\",\"url\":\"https:\\\/\\\/gldlaw.com\\\/es\\\/preguntele-a-garry-insight-en-la-politica-de-inmigracion-del-presidente-trump-editar-seccion\\\/\",\"name\":\"Insight en la pol\u00edtica de inmigraci\u00f3n del presidente Trump Editar secci\u00f3n\",\"isPartOf\":{\"@id\":\"https:\\\/\\\/gldlaw.com\\\/es\\\/#website\"},\"primaryImageOfPage\":{\"@id\":\"https:\\\/\\\/gldlaw.com\\\/es\\\/preguntele-a-garry-insight-en-la-politica-de-inmigracion-del-presidente-trump-editar-seccion\\\/#primaryimage\"},\"image\":{\"@id\":\"https:\\\/\\\/gldlaw.com\\\/es\\\/preguntele-a-garry-insight-en-la-politica-de-inmigracion-del-presidente-trump-editar-seccion\\\/#primaryimage\"},\"thumbnailUrl\":\"https:\\\/\\\/gldlaw.com\\\/wp-content\\\/uploads\\\/2018\\\/04\\\/AskGarry-3.png\",\"datePublished\":\"2018-03-04T15:54:06+00:00\",\"dateModified\":\"2019-11-18T20:00:21+00:00\",\"author\":{\"@id\":\"https:\\\/\\\/gldlaw.com\\\/es\\\/#\\\/schema\\\/person\\\/70995f4ab0bc2b4f3d1c5c65092d6ea6\"},\"description\":\"Recientemente, el abogado principal de Davis & Asociados, Garry Davis, escribi\u00f3 un art\u00edculo para ser publicado por www.bestlawyers.com sobre la...\",\"breadcrumb\":{\"@id\":\"https:\\\/\\\/gldlaw.com\\\/es\\\/preguntele-a-garry-insight-en-la-politica-de-inmigracion-del-presidente-trump-editar-seccion\\\/#breadcrumb\"},\"inLanguage\":\"es\",\"potentialAction\":[{\"@type\":\"ReadAction\",\"target\":[\"https:\\\/\\\/gldlaw.com\\\/es\\\/preguntele-a-garry-insight-en-la-politica-de-inmigracion-del-presidente-trump-editar-seccion\\\/\"]}]},{\"@type\":\"ImageObject\",\"inLanguage\":\"es\",\"@id\":\"https:\\\/\\\/gldlaw.com\\\/es\\\/preguntele-a-garry-insight-en-la-politica-de-inmigracion-del-presidente-trump-editar-seccion\\\/#primaryimage\",\"url\":\"https:\\\/\\\/gldlaw.com\\\/wp-content\\\/uploads\\\/2018\\\/04\\\/AskGarry-3.png\",\"contentUrl\":\"https:\\\/\\\/gldlaw.com\\\/wp-content\\\/uploads\\\/2018\\\/04\\\/AskGarry-3.png\",\"width\":\"560\",\"height\":\"315\",\"caption\":\"Pregunte a Nuestro Abogado Principal:\"},{\"@type\":\"BreadcrumbList\",\"@id\":\"https:\\\/\\\/gldlaw.com\\\/es\\\/preguntele-a-garry-insight-en-la-politica-de-inmigracion-del-presidente-trump-editar-seccion\\\/#breadcrumb\",\"itemListElement\":[{\"@type\":\"ListItem\",\"position\":1,\"name\":\"Home\",\"item\":\"https:\\\/\\\/gldlaw.com\\\/es\\\/\"},{\"@type\":\"ListItem\",\"position\":2,\"name\":\"Preg\u00fantele a Garry: Insight en la pol\u00edtica de inmigraci\u00f3n del presidente Trump Editar secci\u00f3n\"}]},{\"@type\":\"WebSite\",\"@id\":\"https:\\\/\\\/gldlaw.com\\\/es\\\/#website\",\"url\":\"https:\\\/\\\/gldlaw.com\\\/es\\\/\",\"name\":\"Davis &amp; Associates\",\"description\":\"Dallas \\\/ Fort Worth Immigration Attorney\",\"potentialAction\":[{\"@type\":\"SearchAction\",\"target\":{\"@type\":\"EntryPoint\",\"urlTemplate\":\"https:\\\/\\\/gldlaw.com\\\/es\\\/?s={search_term_string}\"},\"query-input\":{\"@type\":\"PropertyValueSpecification\",\"valueRequired\":true,\"valueName\":\"search_term_string\"}}],\"inLanguage\":\"es\"},{\"@type\":\"Person\",\"@id\":\"https:\\\/\\\/gldlaw.com\\\/es\\\/#\\\/schema\\\/person\\\/70995f4ab0bc2b4f3d1c5c65092d6ea6\",\"name\":\"Davis &amp; Associates\"}]}<\/script>\n<!-- \/ Yoast SEO plugin. -->","yoast_head_json":{"title":"Insight en la pol\u00edtica de inmigraci\u00f3n del presidente Trump Editar secci\u00f3n","description":"Recientemente, el abogado principal de Davis & Asociados, Garry Davis, escribi\u00f3 un art\u00edculo para ser publicado por www.bestlawyers.com sobre la...","robots":{"index":"index","follow":"follow","max-snippet":"max-snippet:-1","max-image-preview":"max-image-preview:large","max-video-preview":"max-video-preview:-1"},"canonical":"https:\/\/gldlaw.com\/es\/preguntele-a-garry-insight-en-la-politica-de-inmigracion-del-presidente-trump-editar-seccion\/","og_locale":"es_MX","og_type":"article","og_title":"Insight en la pol\u00edtica de inmigraci\u00f3n del presidente Trump Editar secci\u00f3n","og_description":"Recientemente, el abogado principal de Davis & Asociados, Garry Davis, escribi\u00f3 un art\u00edculo para ser publicado por www.bestlawyers.com sobre la...","og_url":"https:\/\/gldlaw.com\/es\/preguntele-a-garry-insight-en-la-politica-de-inmigracion-del-presidente-trump-editar-seccion\/","og_site_name":"Davis &amp; Associates","article_publisher":"https:\/\/www.facebook.com\/GLDavisandAssociates\/","article_published_time":"2018-03-04T15:54:06+00:00","article_modified_time":"2019-11-18T20:00:21+00:00","og_image":[{"width":560,"height":315,"url":"https:\/\/gldlaw.com\/wp-content\/uploads\/2018\/04\/AskGarry-3.png","type":"image\/png"}],"author":"Davis &amp; Associates","twitter_card":"summary_large_image","twitter_creator":"@GLD_Law","twitter_site":"@GLD_Law","twitter_misc":{"Escrito por":"Davis &amp; Associates","Tiempo de lectura":"5 minutos"},"schema":{"@context":"https:\/\/schema.org","@graph":[{"@type":"Article","@id":"https:\/\/gldlaw.com\/es\/preguntele-a-garry-insight-en-la-politica-de-inmigracion-del-presidente-trump-editar-seccion\/#article","isPartOf":{"@id":"https:\/\/gldlaw.com\/es\/preguntele-a-garry-insight-en-la-politica-de-inmigracion-del-presidente-trump-editar-seccion\/"},"author":{"name":"Davis &amp; Associates","@id":"https:\/\/gldlaw.com\/es\/#\/schema\/person\/70995f4ab0bc2b4f3d1c5c65092d6ea6"},"headline":"Preg\u00fantele a Garry: Insight en la pol\u00edtica de inmigraci\u00f3n del presidente Trump Editar secci\u00f3n","datePublished":"2018-03-04T15:54:06+00:00","dateModified":"2019-11-18T20:00:21+00:00","mainEntityOfPage":{"@id":"https:\/\/gldlaw.com\/es\/preguntele-a-garry-insight-en-la-politica-de-inmigracion-del-presidente-trump-editar-seccion\/"},"wordCount":1065,"image":{"@id":"https:\/\/gldlaw.com\/es\/preguntele-a-garry-insight-en-la-politica-de-inmigracion-del-presidente-trump-editar-seccion\/#primaryimage"},"thumbnailUrl":"https:\/\/gldlaw.com\/wp-content\/uploads\/2018\/04\/AskGarry-3.png","keywords":["Ley de Inmigraci\u00f3n"],"articleSection":["Ley de inmigraci\u00f3n","Reforma inmigratoria"],"inLanguage":"es"},{"@type":"WebPage","@id":"https:\/\/gldlaw.com\/es\/preguntele-a-garry-insight-en-la-politica-de-inmigracion-del-presidente-trump-editar-seccion\/","url":"https:\/\/gldlaw.com\/es\/preguntele-a-garry-insight-en-la-politica-de-inmigracion-del-presidente-trump-editar-seccion\/","name":"Insight en la pol\u00edtica de inmigraci\u00f3n del presidente Trump Editar secci\u00f3n","isPartOf":{"@id":"https:\/\/gldlaw.com\/es\/#website"},"primaryImageOfPage":{"@id":"https:\/\/gldlaw.com\/es\/preguntele-a-garry-insight-en-la-politica-de-inmigracion-del-presidente-trump-editar-seccion\/#primaryimage"},"image":{"@id":"https:\/\/gldlaw.com\/es\/preguntele-a-garry-insight-en-la-politica-de-inmigracion-del-presidente-trump-editar-seccion\/#primaryimage"},"thumbnailUrl":"https:\/\/gldlaw.com\/wp-content\/uploads\/2018\/04\/AskGarry-3.png","datePublished":"2018-03-04T15:54:06+00:00","dateModified":"2019-11-18T20:00:21+00:00","author":{"@id":"https:\/\/gldlaw.com\/es\/#\/schema\/person\/70995f4ab0bc2b4f3d1c5c65092d6ea6"},"description":"Recientemente, el abogado principal de Davis & Asociados, Garry Davis, escribi\u00f3 un art\u00edculo para ser publicado por www.bestlawyers.com sobre la...","breadcrumb":{"@id":"https:\/\/gldlaw.com\/es\/preguntele-a-garry-insight-en-la-politica-de-inmigracion-del-presidente-trump-editar-seccion\/#breadcrumb"},"inLanguage":"es","potentialAction":[{"@type":"ReadAction","target":["https:\/\/gldlaw.com\/es\/preguntele-a-garry-insight-en-la-politica-de-inmigracion-del-presidente-trump-editar-seccion\/"]}]},{"@type":"ImageObject","inLanguage":"es","@id":"https:\/\/gldlaw.com\/es\/preguntele-a-garry-insight-en-la-politica-de-inmigracion-del-presidente-trump-editar-seccion\/#primaryimage","url":"https:\/\/gldlaw.com\/wp-content\/uploads\/2018\/04\/AskGarry-3.png","contentUrl":"https:\/\/gldlaw.com\/wp-content\/uploads\/2018\/04\/AskGarry-3.png","width":"560","height":"315","caption":"Pregunte a Nuestro Abogado Principal:"},{"@type":"BreadcrumbList","@id":"https:\/\/gldlaw.com\/es\/preguntele-a-garry-insight-en-la-politica-de-inmigracion-del-presidente-trump-editar-seccion\/#breadcrumb","itemListElement":[{"@type":"ListItem","position":1,"name":"Home","item":"https:\/\/gldlaw.com\/es\/"},{"@type":"ListItem","position":2,"name":"Preg\u00fantele a Garry: Insight en la pol\u00edtica de inmigraci\u00f3n del presidente Trump Editar secci\u00f3n"}]},{"@type":"WebSite","@id":"https:\/\/gldlaw.com\/es\/#website","url":"https:\/\/gldlaw.com\/es\/","name":"Davis &amp; Associates","description":"Dallas \/ Fort Worth Immigration Attorney","potentialAction":[{"@type":"SearchAction","target":{"@type":"EntryPoint","urlTemplate":"https:\/\/gldlaw.com\/es\/?s={search_term_string}"},"query-input":{"@type":"PropertyValueSpecification","valueRequired":true,"valueName":"search_term_string"}}],"inLanguage":"es"},{"@type":"Person","@id":"https:\/\/gldlaw.com\/es\/#\/schema\/person\/70995f4ab0bc2b4f3d1c5c65092d6ea6","name":"Davis &amp; Associates"}]}},"_links":{"self":[{"href":"https:\/\/gldlaw.com\/es\/wp-json\/wp\/v2\/posts\/4722","targetHints":{"allow":["GET"]}}],"collection":[{"href":"https:\/\/gldlaw.com\/es\/wp-json\/wp\/v2\/posts"}],"about":[{"href":"https:\/\/gldlaw.com\/es\/wp-json\/wp\/v2\/types\/post"}],"author":[{"embeddable":true,"href":"https:\/\/gldlaw.com\/es\/wp-json\/wp\/v2\/users\/5"}],"replies":[{"embeddable":true,"href":"https:\/\/gldlaw.com\/es\/wp-json\/wp\/v2\/comments?post=4722"}],"version-history":[{"count":1,"href":"https:\/\/gldlaw.com\/es\/wp-json\/wp\/v2\/posts\/4722\/revisions"}],"predecessor-version":[{"id":5939,"href":"https:\/\/gldlaw.com\/es\/wp-json\/wp\/v2\/posts\/4722\/revisions\/5939"}],"wp:featuredmedia":[{"embeddable":true,"href":"https:\/\/gldlaw.com\/es\/wp-json\/wp\/v2\/media\/4725"}],"wp:attachment":[{"href":"https:\/\/gldlaw.com\/es\/wp-json\/wp\/v2\/media?parent=4722"}],"wp:term":[{"taxonomy":"category","embeddable":true,"href":"https:\/\/gldlaw.com\/es\/wp-json\/wp\/v2\/categories?post=4722"},{"taxonomy":"post_tag","embeddable":true,"href":"https:\/\/gldlaw.com\/es\/wp-json\/wp\/v2\/tags?post=4722"}],"curies":[{"name":"wp","href":"https:\/\/api.w.org\/{rel}","templated":true}]}}